{"id":255458,"date":"2015-01-26T11:16:23","date_gmt":"2015-01-26T11:16:23","guid":{"rendered":"http:\/\/diariodominicano.ddns.net\/?p=255458"},"modified":"2015-01-26T11:16:23","modified_gmt":"2015-01-26T11:16:23","slug":"ayotzinapa-cuatro-meses-de-incognitas-por-una-investigacion-deficiente-sobre-desaparicion-de-43-estudiantes","status":"publish","type":"post","link":"https:\/\/diariodominicano.com\/?p=255458","title":{"rendered":"Ayotzinapa, cuatro meses de inc\u00f3gnitas por una investigaci\u00f3n deficiente sobre desaparici\u00f3n de 43 estudiantes&#13;"},"content":{"rendered":"<p><body><\/p>\n<p><img decoding=\"async\" src=\"img3\/marcha 2.jpg\" \/><br \/><img decoding=\"async\" src=\"img3\/culpan 2.jpg\" \/><br \/><img decoding=\"async\" src=\"img3\/nada c2.jpg\" \/>  <\/p>\n<p>M\u00e9xico, DF 26 enero.- Este lunes se cumplen cuatro meses de la desaparici\u00f3n de 43 estudiantes en M\u00e9xico, un tiempo en que el Gobierno no ha podido resolver numerosas inc\u00f3gnitas en torno al caso.<\/p>\n<\/p>\n<p>Su versi\u00f3n de lo ocurrido no convence a la sociedad, que sigue reclamando saber qu\u00e9 pas\u00f3.<\/p>\n<\/p>\n<p>Por ello, las calles se llenar\u00e1n hoy una vez m\u00e1s en varias marchas en lugares como la capital mexicana, donde los ciudadanos est\u00e1n convocados a las 10.00 hora local (16.00 GMT) en sitios ubicados en los cuatro puntos cardinales para marchar hacia el Z\u00f3calo (plaza principal), donde se efectuar\u00e1 un mitin unas nueve horas despu\u00e9s.<\/p>\n<\/p>\n<p>Esta protesta estar\u00e1 encabezada por los padres de los estudiantes desaparecidos de la Escuela Normal de Ayotzinapa, quienes no han parado de luchar estos meses y no han perdido la esperanza de hallar a sus hijos con vida.<\/p>\n<\/p>\n<p>Pese a las escasas posibilidades de encontrarlos vivos, exigen que contin\u00fae la b\u00fasqueda y ellos mismos la llevan a cabo cada d\u00eda, con sus propios medios, recorriendo pueblos y monta\u00f1as, especialmente los alrededores de Iguala, en el estado de Guerrero, donde el pasado 26 de septiembre desaparecieron sus hijos.<\/p>\n<\/p>\n<p>Se resisten a creer la versi\u00f3n oficial ofrecida por la fiscal\u00eda mexicana en noviembre, construida a partir del testimonio de detenidos, miembros del c\u00e1rtel Guerreros Unidos, que aseguraron que hab\u00edan quemado a los j\u00f3venes en un basurero del municipio de Cocula para luego tirar las cenizas a un r\u00edo cercano.<\/p>\n<\/p>\n<p>Este municipio est\u00e1 a pocos kil\u00f3metros de Iguala, donde los estudiantes hab\u00edan acudido a realizar una colecta para sus actividades la noche del 26 de septiembre y fueron atacados por polic\u00edas municipales, con un saldo de seis muertos, tres de ellos normalistas.<\/p>\n<\/p>\n<p>La orden del ataque la dio el entonces alcalde de Iguala, Jos\u00e9 Luis Abarca, para impedir que los estudiantes llegaran a un acto encabezado por su esposa, Mar\u00eda de los \u00c1ngeles Pineda. Ambos est\u00e1n considerados autores intelectuales de la desaparici\u00f3n y est\u00e1n detenidos junto con otras 96 personas.<\/p>\n<\/p>\n<p>A partir de los restos encontrados en el r\u00edo en una bolsa de basura, solo uno de los 43 j\u00f3venes, Alexander Mora, ha sido identificado por el laboratorio de la Universidad de Innsbruck (Austria).<\/p>\n<\/p>\n<p>La semana pasada los forenses austr\u00edacos confirmaron que no hab\u00edan logrado identificar 16 restos calcinados que se cree pueden corresponder a los estudiantes, por lo que recurrir\u00e1n a otra t\u00e9cnica que puede tardar meses y destruir por completo el material.<\/p>\n<\/p>\n<p>Esta hip\u00f3tesis es la principal que maneja la fiscal\u00eda mexicana, pero los padres no acaban de creerla y han sido varios los cient\u00edficos que se han atrevido a estudiar el caso y concluir que no es posible t\u00e9cnicamente que los estudiantes fueran quemados durante horas en aquel lugar, sin apenas dejar rastro.<\/p>\n<\/p>\n<p>Por ello exigen que se abran otras l\u00edneas de investigaci\u00f3n, en particular una sobre el papel que jug\u00f3 el Ej\u00e9rcito aquella noche violenta.<\/p>\n<\/p>\n<p>Los familiares tambi\u00e9n han solicitado al Gobierno que les permita buscar a los j\u00f3venes en cuarteles militares, lo que ya fue aceptado, aunque las autoridades rechazan tajantemente la participaci\u00f3n de las fuerzas federales.<\/p>\n<\/p>\n<p>Mientras no haya una prueba cient\u00edfica e irrefutable de que fueron asesinados, los padres aseguran que van a continuar con la b\u00fasqueda.<\/p>\n<\/p>\n<p>Tambi\u00e9n han levantado la voz organizaciones civiles como Amnist\u00eda Internacional, que pide que se exploren \u00abexhaustivamente todas las l\u00edneas de investigaci\u00f3n\u00bb, ya que la versi\u00f3n ofrecida por el fiscal Jes\u00fas Murillo est\u00e1 \u00ablejos de ser concluyente\u00bb.<\/p>\n<\/p>\n<p>Haciendo un an\u00e1lisis del caso, en una entrevista con Efe, la directora para Am\u00e9rica de AI, Erika Guevara, dijo que \u00abel da\u00f1o que esto ha generado en el tejido social de las comunidades\u00bb y el \u00abclamor social\u00bb es tal, que \u00abM\u00e9xico tiene que cambiar\u00bb.<\/p>\n<\/p>\n<p>\u00abHa marcado un hito en la historia contempor\u00e1nea del pa\u00eds. M\u00e9xico tiene que cambiar porque hay una concientizaci\u00f3n pol\u00edtica en los j\u00f3venes mexicanos, una necesidad de cambio, de transformaci\u00f3n\u00bb, agreg\u00f3.<\/p>\n<\/p>\n<p>El problema es que este no es un caso aislado, sino reflejo de lo que pasa en muchas otras zonas de un pa\u00eds en el que, seg\u00fan datos oficiales, han muerto violentamente m\u00e1s de 100.000 personas desde que comenz\u00f3 la guerra contra el narcotr\u00e1fico en 2006 y han desaparecido al menos 23.000<\/p>\n<h6> 2015-01-26 11:16:23 <\/h6>\n<p><!--\n<link rel=\"stylesheet\" href=\"css\/bootstrap.min.css\">\n\n\n<ul class=\"pagination\">\n\t    \n\t\n\n<li >\n\t<a href='?page_no=25102'>Previous<\/a>\n\t<\/li>\n\n\n       \n    \n\n<li><a href='?page_no=1'>1<\/a><\/li>\n\n\n\n<li><a href='?page_no=2'>2<\/a><\/li>\n\n\n\n<li><a>...<\/a><\/li>\n\n\n\n<li><a href='?page_no=25101'>25101<\/a><\/li>\n\n\n\n<li><a href='?page_no=25102'>25102<\/a><\/li>\n\n\n\n<li class='active'><a>25103<\/a><\/li>\n\n\n\n<li><a href='?page_no=25104'>25104<\/a><\/li>\n\n\n\n<li><a href='?page_no=25105'>25105<\/a><\/li>\n\n\n\n<li><a>...<\/a><\/li>\n\n\n\n<li><a href='?page_no=51012'>51012<\/a><\/li>\n\n\n\n<li><a href='?page_no=51013'>51013<\/a><\/li>\n\n    \n\t\n\n<li >\n\t<a href='?page_no=25104'>Next<\/a>\n\t<\/li>\n\n\n    \n\n<li><a href='?page_no=51013'>Last &rsaquo;&rsaquo;<\/a><\/li>\n\n<\/ul>\n\n\n--><br \/>\n<\/body><\/p>\n","protected":false},"excerpt":{"rendered":"<p>M\u00e9xico, DF 26 enero.- Este lunes se cumplen cuatro meses de la desaparici\u00f3n de 43 estudiantes en M\u00e9xico, un tiempo en que el Gobierno no ha podido resolver numerosas inc\u00f3gnitas en torno al caso. Su versi\u00f3n de lo ocurrido no convence a la sociedad, que sigue reclamando saber qu\u00e9 pas\u00f3. Por ello, las calles se [&hellip;]<\/p>\n","protected":false},"author":3,"featured_media":0,"comment_status":"open","ping_status":"open","sticky":false,"template":"","format":"standard","meta":{"footnotes":""},"categories":[23],"tags":[],"class_list":["post-255458","post","type-post","status-publish","format-standard","hentry","category-internacional"],"_links":{"self":[{"href":"https:\/\/diariodominicano.com\/index.php?rest_route=\/wp\/v2\/posts\/255458","targetHints":{"allow":["GET"]}}],"collection":[{"href":"https:\/\/diariodominicano.com\/index.php?rest_route=\/wp\/v2\/posts"}],"about":[{"href":"https:\/\/diariodominicano.com\/index.php?rest_route=\/wp\/v2\/types\/post"}],"author":[{"embeddable":true,"href":"https:\/\/diariodominicano.com\/index.php?rest_route=\/wp\/v2\/users\/3"}],"replies":[{"embeddable":true,"href":"https:\/\/diariodominicano.com\/index.php?rest_route=%2Fwp%2Fv2%2Fcomments&post=255458"}],"version-history":[{"count":0,"href":"https:\/\/diariodominicano.com\/index.php?rest_route=\/wp\/v2\/posts\/255458\/revisions"}],"wp:attachment":[{"href":"https:\/\/diariodominicano.com\/index.php?rest_route=%2Fwp%2Fv2%2Fmedia&parent=255458"}],"wp:term":[{"taxonomy":"category","embeddable":true,"href":"https:\/\/diariodominicano.com\/index.php?rest_route=%2Fwp%2Fv2%2Fcategories&post=255458"},{"taxonomy":"post_tag","embeddable":true,"href":"https:\/\/diariodominicano.com\/index.php?rest_route=%2Fwp%2Fv2%2Ftags&post=255458"}],"curies":[{"name":"wp","href":"https:\/\/api.w.org\/{rel}","templated":true}]}}