{"id":255456,"date":"2015-01-26T19:30:39","date_gmt":"2015-01-26T19:30:39","guid":{"rendered":"http:\/\/diariodominicano.ddns.net\/?p=255456"},"modified":"2015-01-26T19:30:39","modified_gmt":"2015-01-26T19:30:39","slug":"cepal-lamenta-freno-en-reduccion-de-pobreza-en-latinoamerica","status":"publish","type":"post","link":"https:\/\/diariodominicano.com\/?p=255456","title":{"rendered":"Cepal lamenta freno en reducci\u00f3n de pobreza en Latinoam\u00e9rica"},"content":{"rendered":"<p><body><\/p>\n<p><img decoding=\"async\" src=\"img3\/Barcena00.jpg\" \/>  <\/p>\n<p><strong><span class=\"text1noticias\">  <\/span><\/strong><\/p>\n<p><strong><span class=\"text1noticias\">Santiago de Chile, 26 ene (PL)<\/span><\/strong><span class=\"text1noticias\"> La Comisi\u00f3n Econ\u00f3mica para Am\u00e9rica Latina y el Caribe (Cepal) lament\u00f3 hoy el estancamiento de la reducci\u00f3n de la pobreza y la indigencia en la mayor\u00eda de los pa\u00edses de la regi\u00f3n.<\/span><\/p>\n<\/p>\n<p><span class=\"text1noticias\">En rueda de prensa en esta capital, la secretaria ejecutiva de la Cepal, Alicia B\u00e1rcena, revel\u00f3 que al cierre de 2014 el n\u00famero de personas en la pobreza se elev\u00f3 a 167 millones, de las cuales 71 millones sufr\u00edan indigencia.<\/span><\/p>\n<\/p>\n<p><span class=\"text1noticias\">Al presentar el informe Panorama Social de Am\u00e9rica Latina y el Caribe el pasado a\u00f1o, B\u00e1rcena explic\u00f3 que la pobreza afect\u00f3 al 28 por ciento de la poblaci\u00f3n de la zona, lo cual representa un freno en relaci\u00f3n con el nivel de 2012.<\/span><\/p>\n<\/p>\n<p><span class=\"text1noticias\">Todo ello en un contexto de desaceleraci\u00f3n econ\u00f3mica, incremento demogr\u00e1fico y una proyecci\u00f3n sombr\u00eda de las personas que viven bajo la pobreza extrema, se\u00f1ala el informe.<\/span><\/p>\n<\/p>\n<p><span class=\"text1noticias\">\u00abLa recuperaci\u00f3n de la crisis financiera internacional no parece haber sido aprovechada suficientemente para el fortalecimiento de pol\u00edticas de protecci\u00f3n social que disminuyan la vulnerabilidad frente a los ciclos econ\u00f3micos\u00bb, dijo B\u00e1rcena.<\/span><\/p>\n<\/p>\n<p><span class=\"text1noticias\">En un escenario de posible reducci\u00f3n de los recursos fiscales disponibles, se requieren mayores esfuerzos para apuntalar dichas pol\u00edticas, generando bases s\u00f3lidas con el fin de cumplir los compromisos de la agenda de desarrollo post-2015, precis\u00f3.<\/span><\/p>\n<\/p>\n<p><span class=\"text1noticias\">De acuerdo con el reporte de la Cepal, en materia de gasto social, la regi\u00f3n hizo un esfuerzo significativo a partir de 2008 para enfrentar la crisis financiera internacional, pero en 2012 y 2013 se observ\u00f3 una desaceleraci\u00f3n del crecimiento.<\/span><\/p>\n<\/p>\n<p><span class=\"text1noticias\">La titular del organismo de Naciones Unidas, con sede en Chile, recomend\u00f3 consolidar el gasto p\u00fablico social como instrumento de pol\u00edtica fiscal contrac\u00edclica con un ejercicio m\u00e1s eficiente.<\/span><\/p>\n<\/p>\n<p><span class=\"text1noticias\">Asimismo, sugiri\u00f3 dise\u00f1ar nuevas pol\u00edticas asociadas a la inversi\u00f3n social con instrumentos y mecanismos que aumenten su eficacia, eficiencia, impacto y sostenibilidad; adem\u00e1s de focalizar esfuerzos en educaci\u00f3n, innovaci\u00f3n y empleo juvenil.<\/span><\/p>\n<\/p>\n<p><span class=\"text1noticias\">B\u00e1rcena admiti\u00f3, no obstante, que Latinoam\u00e9rica y el Caribe se halla ante una encrucijada a partir de la desaceleraci\u00f3n de 2014 y las proyecciones poco auspiciosas para 2015.<\/span><\/p>\n<\/p>\n<p><span class=\"text1noticias\">Desde 2012 la pobreza extrema se elev\u00f3 en cinco millones, no se aprovech\u00f3 el boom de precios ni las medidas para contrarrestar la crisis financiera y los avances en la disminuci\u00f3n de la desigualdad podr\u00edan verse afectados.<\/span><\/p>\n<\/p>\n<p><span class=\"text1noticias\">La Cepal hizo hincapi\u00e9 en la necesidad perentoria de invertir m\u00e1s y mejor en la juventud para el cambio estructural y puso como buenos ejemplos en tal sentido a Ecuador, Cuba, Paraguay, Bolivia y Panam\u00e1.<\/span><\/p>\n<\/p>\n<\/p>\n<h6> 2015-01-26 19:30:39 <\/h6>\n<p><!--\n<link rel=\"stylesheet\" href=\"css\/bootstrap.min.css\">\n\n\n<ul class=\"pagination\">\n\t    \n\t\n\n<li >\n\t<a href='?page_no=25100'>Previous<\/a>\n\t<\/li>\n\n\n       \n    \n\n<li><a href='?page_no=1'>1<\/a><\/li>\n\n\n\n<li><a href='?page_no=2'>2<\/a><\/li>\n\n\n\n<li><a>...<\/a><\/li>\n\n\n\n<li><a href='?page_no=25099'>25099<\/a><\/li>\n\n\n\n<li><a href='?page_no=25100'>25100<\/a><\/li>\n\n\n\n<li class='active'><a>25101<\/a><\/li>\n\n\n\n<li><a href='?page_no=25102'>25102<\/a><\/li>\n\n\n\n<li><a href='?page_no=25103'>25103<\/a><\/li>\n\n\n\n<li><a>...<\/a><\/li>\n\n\n\n<li><a href='?page_no=51012'>51012<\/a><\/li>\n\n\n\n<li><a href='?page_no=51013'>51013<\/a><\/li>\n\n    \n\t\n\n<li >\n\t<a href='?page_no=25102'>Next<\/a>\n\t<\/li>\n\n\n    \n\n<li><a href='?page_no=51013'>Last &rsaquo;&rsaquo;<\/a><\/li>\n\n<\/ul>\n\n\n--><br \/>\n<\/body><\/p>\n","protected":false},"excerpt":{"rendered":"<p>Santiago de Chile, 26 ene (PL) La Comisi\u00f3n Econ\u00f3mica para Am\u00e9rica Latina y el Caribe (Cepal) lament\u00f3 hoy el estancamiento de la reducci\u00f3n de la pobreza y la indigencia en la mayor\u00eda de los pa\u00edses de la regi\u00f3n. En rueda de prensa en esta capital, la secretaria ejecutiva de la Cepal, Alicia B\u00e1rcena, revel\u00f3 que [&hellip;]<\/p>\n","protected":false},"author":3,"featured_media":0,"comment_status":"open","ping_status":"open","sticky":false,"template":"","format":"standard","meta":{"footnotes":""},"categories":[23],"tags":[],"class_list":["post-255456","post","type-post","status-publish","format-standard","hentry","category-internacional"],"_links":{"self":[{"href":"https:\/\/diariodominicano.com\/index.php?rest_route=\/wp\/v2\/posts\/255456","targetHints":{"allow":["GET"]}}],"collection":[{"href":"https:\/\/diariodominicano.com\/index.php?rest_route=\/wp\/v2\/posts"}],"about":[{"href":"https:\/\/diariodominicano.com\/index.php?rest_route=\/wp\/v2\/types\/post"}],"author":[{"embeddable":true,"href":"https:\/\/diariodominicano.com\/index.php?rest_route=\/wp\/v2\/users\/3"}],"replies":[{"embeddable":true,"href":"https:\/\/diariodominicano.com\/index.php?rest_route=%2Fwp%2Fv2%2Fcomments&post=255456"}],"version-history":[{"count":0,"href":"https:\/\/diariodominicano.com\/index.php?rest_route=\/wp\/v2\/posts\/255456\/revisions"}],"wp:attachment":[{"href":"https:\/\/diariodominicano.com\/index.php?rest_route=%2Fwp%2Fv2%2Fmedia&parent=255456"}],"wp:term":[{"taxonomy":"category","embeddable":true,"href":"https:\/\/diariodominicano.com\/index.php?rest_route=%2Fwp%2Fv2%2Fcategories&post=255456"},{"taxonomy":"post_tag","embeddable":true,"href":"https:\/\/diariodominicano.com\/index.php?rest_route=%2Fwp%2Fv2%2Ftags&post=255456"}],"curies":[{"name":"wp","href":"https:\/\/api.w.org\/{rel}","templated":true}]}}