{"id":255455,"date":"2015-01-26T19:39:25","date_gmt":"2015-01-26T19:39:25","guid":{"rendered":"http:\/\/diariodominicano.ddns.net\/?p=255455"},"modified":"2015-01-26T19:39:25","modified_gmt":"2015-01-26T19:39:25","slug":"senala-cepal-pocos-resultados-en-mexico-contra-la-pobreza","status":"publish","type":"post","link":"https:\/\/diariodominicano.com\/?p=255455","title":{"rendered":"Se\u00f1ala Cepal pocos resultados en M\u00e9xico contra la pobreza"},"content":{"rendered":"<p><body><\/p>\n<p><span class=\"text1noticias\">M\u00e9xico, 26 ene (PL) La Comisi\u00f3n Econ\u00f3mica para Am\u00e9rica Latina y el Caribe (Cepal) reconoci\u00f3 avances en la lucha contra la pobreza en la regi\u00f3n, pero se\u00f1al\u00f3 el pobre desempe\u00f1o de M\u00e9xico, subrayan hoy medios de prensa aqu\u00ed.<\/span><\/p>\n<\/p>\n<p><span class=\"text1noticias\">Observatorio mexicano ve en inseguridad freno a crecimiento econ\u00f3mico. <\/span><\/p>\n<p><span class=\"text1noticias\">El diario El Universal se refiere al informe sobre el Panorama Social 2014, presentado hoy en la capital chilena por la secretaria ejecutiva de la Cepal, Alicia B\u00e1rcena.<\/span><\/p>\n<\/p>\n<p><span class=\"text1noticias\">La funcionaria declar\u00f3 en videoconferencia, seguida aqu\u00ed, que en todos los pa\u00edses latinoamericanos se produjo una ca\u00edda en la incidencia de la pobreza multidimensional de 2005 a 2012, y destac\u00f3 al respecto los casos de Venezuela, Argentina, Brasil, Uruguay y Chile.<\/span><\/p>\n<\/p>\n<p><span class=\"text1noticias\">Sin embargo, en otros casos las reducciones en el combate a la pobreza fueron marginales y sin mayores avances.<\/span><\/p>\n<\/p>\n<p><span class=\"text1noticias\">Reconoci\u00f3 que en M\u00e9xico hubo resultados mixtos, pues si bien tuvo mejoras en los \u00edndices de vivienda, en lo que se refiere a aspectos en materia energ\u00e9tica los resultados muestran retrocesos.<\/span><\/p>\n<\/p>\n<p><span class=\"text1noticias\">Un factor que ha impedido a M\u00e9xico avanzar en el enfrentamiento a la pobreza multidimensional es el del salario m\u00ednimo, que no ha aumentado en las \u00faltimas d\u00e9cadas \u00aby es un tema que ha pegado muy fuerte en las familias\u00bb, a\u00f1adi\u00f3.<\/span><\/p>\n<\/p>\n<p><span class=\"text1noticias\">B\u00e1rcena encomi\u00f3 el esquema de inserci\u00f3n laboral que puede conseguir el programa social Pr\u00f3spera, impulsado por el presidente Enrique Pe\u00f1a Nieto, que busca combatir la pobreza mediante est\u00edmulos sociales y econ\u00f3micos.<\/span><\/p>\n<\/p>\n<h6> 2015-01-26 19:39:25 <\/h6>\n<p><!--\n<link rel=\"stylesheet\" href=\"css\/bootstrap.min.css\">\n\n\n<ul class=\"pagination\">\n\t    \n\t\n\n<li >\n\t<a href='?page_no=25099'>Previous<\/a>\n\t<\/li>\n\n\n       \n    \n\n<li><a href='?page_no=1'>1<\/a><\/li>\n\n\n\n<li><a href='?page_no=2'>2<\/a><\/li>\n\n\n\n<li><a>...<\/a><\/li>\n\n\n\n<li><a href='?page_no=25098'>25098<\/a><\/li>\n\n\n\n<li><a href='?page_no=25099'>25099<\/a><\/li>\n\n\n\n<li class='active'><a>25100<\/a><\/li>\n\n\n\n<li><a href='?page_no=25101'>25101<\/a><\/li>\n\n\n\n<li><a href='?page_no=25102'>25102<\/a><\/li>\n\n\n\n<li><a>...<\/a><\/li>\n\n\n\n<li><a href='?page_no=51012'>51012<\/a><\/li>\n\n\n\n<li><a href='?page_no=51013'>51013<\/a><\/li>\n\n    \n\t\n\n<li >\n\t<a href='?page_no=25101'>Next<\/a>\n\t<\/li>\n\n\n    \n\n<li><a href='?page_no=51013'>Last &rsaquo;&rsaquo;<\/a><\/li>\n\n<\/ul>\n\n\n--><br \/>\n<\/body><\/p>\n","protected":false},"excerpt":{"rendered":"<p>M\u00e9xico, 26 ene (PL) La Comisi\u00f3n Econ\u00f3mica para Am\u00e9rica Latina y el Caribe (Cepal) reconoci\u00f3 avances en la lucha contra la pobreza en la regi\u00f3n, pero se\u00f1al\u00f3 el pobre desempe\u00f1o de M\u00e9xico, subrayan hoy medios de prensa aqu\u00ed. Observatorio mexicano ve en inseguridad freno a crecimiento econ\u00f3mico. El diario El Universal se refiere al informe [&hellip;]<\/p>\n","protected":false},"author":3,"featured_media":0,"comment_status":"open","ping_status":"open","sticky":false,"template":"","format":"standard","meta":{"footnotes":""},"categories":[23],"tags":[],"class_list":["post-255455","post","type-post","status-publish","format-standard","hentry","category-internacional"],"_links":{"self":[{"href":"https:\/\/diariodominicano.com\/index.php?rest_route=\/wp\/v2\/posts\/255455","targetHints":{"allow":["GET"]}}],"collection":[{"href":"https:\/\/diariodominicano.com\/index.php?rest_route=\/wp\/v2\/posts"}],"about":[{"href":"https:\/\/diariodominicano.com\/index.php?rest_route=\/wp\/v2\/types\/post"}],"author":[{"embeddable":true,"href":"https:\/\/diariodominicano.com\/index.php?rest_route=\/wp\/v2\/users\/3"}],"replies":[{"embeddable":true,"href":"https:\/\/diariodominicano.com\/index.php?rest_route=%2Fwp%2Fv2%2Fcomments&post=255455"}],"version-history":[{"count":0,"href":"https:\/\/diariodominicano.com\/index.php?rest_route=\/wp\/v2\/posts\/255455\/revisions"}],"wp:attachment":[{"href":"https:\/\/diariodominicano.com\/index.php?rest_route=%2Fwp%2Fv2%2Fmedia&parent=255455"}],"wp:term":[{"taxonomy":"category","embeddable":true,"href":"https:\/\/diariodominicano.com\/index.php?rest_route=%2Fwp%2Fv2%2Fcategories&post=255455"},{"taxonomy":"post_tag","embeddable":true,"href":"https:\/\/diariodominicano.com\/index.php?rest_route=%2Fwp%2Fv2%2Ftags&post=255455"}],"curies":[{"name":"wp","href":"https:\/\/api.w.org\/{rel}","templated":true}]}}