{"id":255453,"date":"2015-01-26T19:55:33","date_gmt":"2015-01-26T19:55:33","guid":{"rendered":"http:\/\/diariodominicano.ddns.net\/?p=255453"},"modified":"2015-01-26T19:55:33","modified_gmt":"2015-01-26T19:55:33","slug":"accidente-de-aviacion-en-base-espanola-de-otan-deja-nueve-italianos-heridos","status":"publish","type":"post","link":"https:\/\/diariodominicano.com\/?p=255453","title":{"rendered":"Accidente de aviaci\u00f3n en base espa\u00f1ola de OTAN deja nueve italianos heridos"},"content":{"rendered":"<p><body><\/p>\n<p><span class=\"text1noticias\">ROMA, 26 ene (Xinhua) &#8212; Nueve soldados italianos resultaron heridos cuando un caza F16 griego se estrell\u00f3 hoy en una base a\u00e9rea espa\u00f1ola durante un ejercicio de entrenamiento de pilotos de la OTAN, lo que dej\u00f3 10 muertos, informaron medios italianos.<\/span><\/p>\n<p><span class=\"text1noticias\"> <\/span><\/p>\n<p><span class=\"text1noticias\">Dos de los nueve lesionados fueron hospitalizados, se\u00f1alaron fuentes del Ministerio de Defensa de Italia citados por el diario La Repubblica.<\/span><\/p>\n<p><span class=\"text1noticias\"> <\/span><\/p>\n<p><span class=\"text1noticias\">Los dos hospitalizados resultaron con quemaduras en muchas partes del cuerpo, mientras que los otros sufrieron abrasiones, inform\u00f3 la agencia noticiosa ANSA.<\/span><\/p>\n<p><span class=\"text1noticias\"> <\/span><\/p>\n<p><span class=\"text1noticias\">Los soldados heridos estaban trabajando en tierra cerca de varias aeronaves que estaban a punto de despegar, incluyendo algunos aviones italianos, cuando ocurri\u00f3 el accidente, a\u00f1adi\u00f3 ANSA.<\/span><\/p>\n<p><span class=\"text1noticias\"> <\/span><\/p>\n<p><span class=\"text1noticias\">El accidente ocurri\u00f3 en la base de Los Llanos en Albacete, en el este de Espa\u00f1a, durante la etapa de despegue en la base de la OTAN utilizada para entrenar a soldados de diversos pa\u00edses.<\/span><\/p>\n<p><span class=\"text1noticias\"> <\/span><\/p>\n<p><span class=\"text1noticias\">Informes locales indicaron que la minista de Defensa de Italia, Roberta Pinotti, viajar\u00e1 el martes al lugar de los hechos junto con otras autoridades para visitar a los soldados her<\/span>idos.<\/p>\n<h6> 2015-01-26 19:55:33 <\/h6>\n<p><!--\n<link rel=\"stylesheet\" href=\"css\/bootstrap.min.css\">\n\n\n<ul class=\"pagination\">\n\t    \n\t\n\n<li >\n\t<a href='?page_no=25097'>Previous<\/a>\n\t<\/li>\n\n\n       \n    \n\n<li><a href='?page_no=1'>1<\/a><\/li>\n\n\n\n<li><a href='?page_no=2'>2<\/a><\/li>\n\n\n\n<li><a>...<\/a><\/li>\n\n\n\n<li><a href='?page_no=25096'>25096<\/a><\/li>\n\n\n\n<li><a href='?page_no=25097'>25097<\/a><\/li>\n\n\n\n<li class='active'><a>25098<\/a><\/li>\n\n\n\n<li><a href='?page_no=25099'>25099<\/a><\/li>\n\n\n\n<li><a href='?page_no=25100'>25100<\/a><\/li>\n\n\n\n<li><a>...<\/a><\/li>\n\n\n\n<li><a href='?page_no=51012'>51012<\/a><\/li>\n\n\n\n<li><a href='?page_no=51013'>51013<\/a><\/li>\n\n    \n\t\n\n<li >\n\t<a href='?page_no=25099'>Next<\/a>\n\t<\/li>\n\n\n    \n\n<li><a href='?page_no=51013'>Last &rsaquo;&rsaquo;<\/a><\/li>\n\n<\/ul>\n\n\n--><br \/>\n<\/body><\/p>\n","protected":false},"excerpt":{"rendered":"<p>ROMA, 26 ene (Xinhua) &#8212; Nueve soldados italianos resultaron heridos cuando un caza F16 griego se estrell\u00f3 hoy en una base a\u00e9rea espa\u00f1ola durante un ejercicio de entrenamiento de pilotos de la OTAN, lo que dej\u00f3 10 muertos, informaron medios italianos. Dos de los nueve lesionados fueron hospitalizados, se\u00f1alaron fuentes del Ministerio de Defensa de [&hellip;]<\/p>\n","protected":false},"author":3,"featured_media":0,"comment_status":"open","ping_status":"open","sticky":false,"template":"","format":"standard","meta":{"footnotes":""},"categories":[23],"tags":[],"class_list":["post-255453","post","type-post","status-publish","format-standard","hentry","category-internacional"],"_links":{"self":[{"href":"https:\/\/diariodominicano.com\/index.php?rest_route=\/wp\/v2\/posts\/255453","targetHints":{"allow":["GET"]}}],"collection":[{"href":"https:\/\/diariodominicano.com\/index.php?rest_route=\/wp\/v2\/posts"}],"about":[{"href":"https:\/\/diariodominicano.com\/index.php?rest_route=\/wp\/v2\/types\/post"}],"author":[{"embeddable":true,"href":"https:\/\/diariodominicano.com\/index.php?rest_route=\/wp\/v2\/users\/3"}],"replies":[{"embeddable":true,"href":"https:\/\/diariodominicano.com\/index.php?rest_route=%2Fwp%2Fv2%2Fcomments&post=255453"}],"version-history":[{"count":0,"href":"https:\/\/diariodominicano.com\/index.php?rest_route=\/wp\/v2\/posts\/255453\/revisions"}],"wp:attachment":[{"href":"https:\/\/diariodominicano.com\/index.php?rest_route=%2Fwp%2Fv2%2Fmedia&parent=255453"}],"wp:term":[{"taxonomy":"category","embeddable":true,"href":"https:\/\/diariodominicano.com\/index.php?rest_route=%2Fwp%2Fv2%2Fcategories&post=255453"},{"taxonomy":"post_tag","embeddable":true,"href":"https:\/\/diariodominicano.com\/index.php?rest_route=%2Fwp%2Fv2%2Ftags&post=255453"}],"curies":[{"name":"wp","href":"https:\/\/api.w.org\/{rel}","templated":true}]}}