{"id":255452,"date":"2015-01-26T20:02:23","date_gmt":"2015-01-26T20:02:23","guid":{"rendered":"http:\/\/diariodominicano.ddns.net\/?p=255452"},"modified":"2015-01-26T20:02:23","modified_gmt":"2015-01-26T20:02:23","slug":"tsipras-se-juramenta-como-primer-ministro-de-grecia","status":"publish","type":"post","link":"https:\/\/diariodominicano.com\/?p=255452","title":{"rendered":"Tsipras se juramenta como Primer Ministro de Grecia"},"content":{"rendered":"<p><body><\/p>\n<p><img decoding=\"async\" src=\"img3\/443ff090-58c8-42aa-abc9-f3c52370fdd8-small.jpg\" \/><br \/><img decoding=\"async\" src=\"img3\/e7e59717-a7bc-49b9-ad3e-38fc71708f53-small.jpg\" \/><br \/><img decoding=\"async\" src=\"img3\/a667d131-13cd-4f87-804b-ce8cba85f9bb-small.jpg\" \/>  <\/p>\n<p><span class=\"text1noticias\">POR DEREK GATOPOULOS <\/span><\/p>\n<p><span class=\"text1noticias\">ASSOCIATED PRESS<\/span><\/p>\n<\/p>\n<p><span class=\"text1noticias\">AP Photo<\/span><\/p>\n<p><span class=\"text1noticias\">AP Photo\/Petros Giannakouris<\/span><\/p>\n<p><span class=\"text1noticias\">AP Photo<\/span><\/p>\n<p><span class=\"text1noticias\">AP Photo\/Lefteris Pitarakis<\/span><\/p>\n<p><span class=\"text1noticias\">AP Photo<\/span><\/p>\n<p><span class=\"text1noticias\">AP Photo\/Fotis Plegas G.<\/span><\/p>\n<\/p>\n<p><span class=\"text1noticias\">ATENAS, 26 de Enero (AP) &#8212; El l\u00edder radical de izquierda Alexis Tsipras jurament\u00f3 el lunes como nuevo primer ministro de Grecia, tras formar una inesperada alianza con el peque\u00f1o partido de derecha Griegos Independientes, anticipando un posible enfrentamiento en torno al plan de rescate.<\/span><\/p>\n<\/p>\n<p><span class=\"text1noticias\">El pol\u00edtico de 40 a\u00f1os rompi\u00f3 con la tradici\u00f3n y pronunci\u00f3 un juramento laico en lugar de la ceremonia religiosa griega ortodoxa con la que habitualmente asumen los primeros ministros.<\/span><\/p>\n<\/p>\n<p><span class=\"text1noticias\">Su partido Syriza obtuvo el lunes el apoyo que necesitaba para formar un gobierno, al lograr el respaldo de Griegos Independientes, que obtuvo el 4,7% de los votos en las elecciones del domingo.<\/span><\/p>\n<\/p>\n<p><span class=\"text1noticias\">La alianza entre los dos partidos ideol\u00f3gicamente opuestos, cuyo \u00fanico punto en com\u00fan es la oposici\u00f3n al rescate, caus\u00f3 sorpresa pero hizo subir las bolsas europeas, temerosas de un resultado incierto y una nueva elecci\u00f3n.<\/span><\/p>\n<\/p>\n<p><span class=\"text1noticias\">Syriza gan\u00f3 el 36,3% de los votos en las elecciones generales del domingo, pero obtuvo dos bancas menos de la mayor\u00eda necesaria en el Parlamento de 300 bancas para formar gobierno propio.<\/span><\/p>\n<\/p>\n<p><span class=\"text1noticias\">Se esperaba para las pr\u00f3ximas horas los anuncios de qui\u00e9nes ser\u00e1n los ministros y si habr\u00e1 una coalici\u00f3n o bien un gobierno minoritario de Syriza apoyado por Griegos Independientes.<\/span><\/p>\n<\/p>\n<p><span class=\"text1noticias\">Tsipras ha prometido renegociar los acuerdos de rescate a Grecia, pero sin tomar medidas unilaterales contra los prestamistas de otros pa\u00edses de la eurozona.<\/span><\/p>\n<\/p>\n<p><span class=\"text1noticias\">La decisi\u00f3n de Tsipras de negociar con los nacionalistas de Griegos Independientes -un grupo alineado en Europa con el Partido de la Independencia de Reino Unido (UKIP)- en lugar del centrista griego Potami gener\u00f3 temores de una posici\u00f3n intransigente en las negociaciones con los prestamistas.<\/span><\/p>\n<\/p>\n<p><span class=\"text1noticias\">El dirigente de Potami, Stavros Theodorakis, dijo que Griegos Independientes es un partido \u00abde extrema derecha y antieuropeo\u00bb.<\/span><\/p>\n<\/p>\n<p><span class=\"text1noticias\">El funcionario de planificaci\u00f3n financiera de Syriza, Giorgos Stathakis, confirm\u00f3 el lunes que el nuevo gobierno no prever\u00eda reunirse con la \u00abtroika\u00bb, el grupo conformado por el Banco Central Europeo, la Comisi\u00f3n Europea y el Fondo Monetario Internacional, que ayudaron a Grecia en el rescate financiero, sino que buscar\u00eda conversaciones directas con los gobiernos.<\/span><\/p>\n<\/p>\n<p><span class=\"text1noticias\">El electorado se volc\u00f3 hacia el partido de izquierda, antes marginal, despu\u00e9s de cinco a\u00f1os de duras medidas de austeridad exigidas por el plan de rescate de 240.000 millones de euros (268.000 millones de d\u00f3lares) que dej\u00f3 a cientos de miles sin trabajo y casi un tercio del pa\u00eds sin seguro de salud estatal.<\/span><\/p>\n<\/p>\n<p><span class=\"text1noticias\">Miles de partidarios salieron a escuchar a Tsipras en el centro de Atenas despu\u00e9s que sus adversarios reconocieron el triunfo.<\/span><\/p>\n<\/p>\n<p><span class=\"text1noticias\">\u00abEl pueblo griego ha escrito su historia\u00bb, dijo entre aplausos. \u00abGrecia deja atr\u00e1s la catastr\u00f3fica austeridad, el miedo y el gobierno aut\u00f3crata\u00bb.<\/span><\/p>\n<\/p>\n<p><span class=\"text1noticias\">El nuevo gobierno enfrenta problemas de iliquidez, un super\u00e1vit primario decreciente, pagos inminentes de deuda y l\u00edmites a los fondos que puede recaudar mediante subastas de bonos del tesoro.<\/span><\/p>\n<\/p>\n<p><span class=\"text1noticias\">Megan Greene, economista jefe de Manulife Asset Management, dijo que el gobierno no podr\u00e1 manejar sus operaciones diarias y pagar los vencimientos de deuda de marzo sin fondos adicionales de los acreedores internacionales.<\/span><\/p>\n<\/p>\n<p><span class=\"text1noticias\">\u00abSyriza y sus acreedores est\u00e1n atrapados en un nudo gordiano, las dos partes tendr\u00e1n que ceder en algo. Ni Grecia ni sus acreedores quieren que Grecia caiga en default o abandone la eurozona, as\u00ed que habr\u00e1 un acuerdo\u00bb, dijo Greene a la AP.<\/span><\/p>\n<\/p>\n<h6> 2015-01-26 20:02:23 <\/h6>\n<p><!--\n<link rel=\"stylesheet\" href=\"css\/bootstrap.min.css\">\n\n\n<ul class=\"pagination\">\n\t    \n\t\n\n<li >\n\t<a href='?page_no=25096'>Previous<\/a>\n\t<\/li>\n\n\n       \n    \n\n<li><a href='?page_no=1'>1<\/a><\/li>\n\n\n\n<li><a href='?page_no=2'>2<\/a><\/li>\n\n\n\n<li><a>...<\/a><\/li>\n\n\n\n<li><a href='?page_no=25095'>25095<\/a><\/li>\n\n\n\n<li><a href='?page_no=25096'>25096<\/a><\/li>\n\n\n\n<li class='active'><a>25097<\/a><\/li>\n\n\n\n<li><a href='?page_no=25098'>25098<\/a><\/li>\n\n\n\n<li><a href='?page_no=25099'>25099<\/a><\/li>\n\n\n\n<li><a>...<\/a><\/li>\n\n\n\n<li><a href='?page_no=51012'>51012<\/a><\/li>\n\n\n\n<li><a href='?page_no=51013'>51013<\/a><\/li>\n\n    \n\t\n\n<li >\n\t<a href='?page_no=25098'>Next<\/a>\n\t<\/li>\n\n\n    \n\n<li><a href='?page_no=51013'>Last &rsaquo;&rsaquo;<\/a><\/li>\n\n<\/ul>\n\n\n--><br \/>\n<\/body><\/p>\n","protected":false},"excerpt":{"rendered":"<p>POR DEREK GATOPOULOS ASSOCIATED PRESS AP Photo AP Photo\/Petros Giannakouris AP Photo AP Photo\/Lefteris Pitarakis AP Photo AP Photo\/Fotis Plegas G. ATENAS, 26 de Enero (AP) &#8212; El l\u00edder radical de izquierda Alexis Tsipras jurament\u00f3 el lunes como nuevo primer ministro de Grecia, tras formar una inesperada alianza con el peque\u00f1o partido de derecha Griegos [&hellip;]<\/p>\n","protected":false},"author":3,"featured_media":0,"comment_status":"open","ping_status":"open","sticky":false,"template":"","format":"standard","meta":{"footnotes":""},"categories":[23],"tags":[],"class_list":["post-255452","post","type-post","status-publish","format-standard","hentry","category-internacional"],"_links":{"self":[{"href":"https:\/\/diariodominicano.com\/index.php?rest_route=\/wp\/v2\/posts\/255452","targetHints":{"allow":["GET"]}}],"collection":[{"href":"https:\/\/diariodominicano.com\/index.php?rest_route=\/wp\/v2\/posts"}],"about":[{"href":"https:\/\/diariodominicano.com\/index.php?rest_route=\/wp\/v2\/types\/post"}],"author":[{"embeddable":true,"href":"https:\/\/diariodominicano.com\/index.php?rest_route=\/wp\/v2\/users\/3"}],"replies":[{"embeddable":true,"href":"https:\/\/diariodominicano.com\/index.php?rest_route=%2Fwp%2Fv2%2Fcomments&post=255452"}],"version-history":[{"count":0,"href":"https:\/\/diariodominicano.com\/index.php?rest_route=\/wp\/v2\/posts\/255452\/revisions"}],"wp:attachment":[{"href":"https:\/\/diariodominicano.com\/index.php?rest_route=%2Fwp%2Fv2%2Fmedia&parent=255452"}],"wp:term":[{"taxonomy":"category","embeddable":true,"href":"https:\/\/diariodominicano.com\/index.php?rest_route=%2Fwp%2Fv2%2Fcategories&post=255452"},{"taxonomy":"post_tag","embeddable":true,"href":"https:\/\/diariodominicano.com\/index.php?rest_route=%2Fwp%2Fv2%2Ftags&post=255452"}],"curies":[{"name":"wp","href":"https:\/\/api.w.org\/{rel}","templated":true}]}}