{"id":255450,"date":"2015-01-26T20:17:41","date_gmt":"2015-01-26T20:17:41","guid":{"rendered":"http:\/\/diariodominicano.ddns.net\/?p=255450"},"modified":"2015-01-26T20:17:41","modified_gmt":"2015-01-26T20:17:41","slug":"cuba-insiste-en-que-no-hara-grandes-concesiones-a-eeuu","status":"publish","type":"post","link":"https:\/\/diariodominicano.com\/?p=255450","title":{"rendered":"CUBA INSISTE EN QUE NO HAR\u00c1 GRANDES CONCESIONES A EEUU"},"content":{"rendered":"<p><body><\/p>\n<p><img decoding=\"async\" src=\"img3\/ea5dc630-de70-47be-ae2e-9e835cb19881-small.jpg\" \/>  <\/p>\n<p><span class=\"text1noticias\">POR MICHAEL WEINSSENSTEIN Y ANNE MARIE GARCIA <\/span><\/p>\n<p><span class=\"text1noticias\">ASSOCIATED PRESS<\/span><\/p>\n<\/p>\n<p><span class=\"text1noticias\">AP Photo<\/span><\/p>\n<p><span class=\"text1noticias\">AP Photo\/Desmond boylan<\/span><\/p>\n<\/p>\n<\/p>\n<p><span class=\"text1noticias\">LA HABANA (AP) &#8212; Tres d\u00edas de conversaciones Cuba-Estados Unidos, las primeras entre funcionarios de ambos pa\u00edses para llevar adelante un restablecimiento de los lazos, dejaron claro a todos un mensaje: la isla caribe\u00f1a no est\u00e1 dispuesta a hacer concesiones en sus sistemas pol\u00edtico y econ\u00f3mico.<\/span><\/p>\n<\/p>\n<p><span class=\"text1noticias\">En unos amplios y abiertos intercambios con la prensa que cubri\u00f3 las conversaciones desarrolladas la semana pasada, los diplom\u00e1ticos cubanos dejaron claro sus objetivos tras el sorpresivo anuncio de los presidentes Ra\u00fal Castro y Barack Obama del inicio de un proceso de normalizaci\u00f3n de las relaciones y que podr\u00eda llevar al final de una pol\u00edtica de embargo comercial de cinco d\u00e9cadas.<\/span><\/p>\n<\/p>\n<p><span class=\"text1noticias\">\u00abCuba ha dicho muy claramente que no se puede pretender que para mejorar las relaciones con Estados Unidos y normalizarlas, Cuba tenga que renunciar a los principios en los que cree\u00bb, explic\u00f3 Josefina Vidal, directora general para Estados Unidos de la canciller\u00eda cubana. \u00abLos cambios en Cuba no son negociables\u00bb, agreg\u00f3 Vidal en entrevista con The Associated Press despu\u00e9s de finalizar las primeras conversaciones.<\/span><\/p>\n<\/p>\n<p><span class=\"text1noticias\">Vidal explic\u00f3 que ante las medidas de flexibilizaci\u00f3n del embargo anunciadas el 16 de enero por Obama, las autoridades cubanas van a preparar una serie de preguntas a su contraparte.<\/span><\/p>\n<\/p>\n<p><span class=\"text1noticias\">\u00abVamos a hacer una lista de preguntas, porque es muy dif\u00edcil de una simple lectura tener una idea exacta del alcance, de qu\u00e9 se va a permitir o qu\u00e9 no va a ser posible\u00bb, dijo Vidal. Recalc\u00f3 que un grupo de expertos se encargar\u00e1 de eso.<\/span><\/p>\n<\/p>\n<p><span class=\"text1noticias\">Entre las preguntas cubanas, Vidal destac\u00f3 por ejemplo la de si \u00abse va a permitir a Cuba acceso a cr\u00e9ditos\u00bb o \u00absi se va a permitir que Cuba use el d\u00f3lar estadounidense en otras transacciones, no solamente en una transacci\u00f3n bilateral Cuba-Estados Unidos\u00bb.<\/span><\/p>\n<\/p>\n<p><span class=\"text1noticias\">En fin, concluy\u00f3 Vidal, \u00abva a requerir un proceso de aclaraciones sucesivas para saber realmente en qu\u00e9 estamos y qu\u00e9 posibilidades va a abrir\u00bb.<\/span><\/p>\n<\/p>\n<p><span class=\"text1noticias\">Por otra parte, Obama tambi\u00e9n anunci\u00f3 que su gobierno revisar\u00e1 la inclusi\u00f3n de Cuba en la lista de estados patrocinadores del terrorismo en tanto tambi\u00e9n hizo menci\u00f3n a poner fin al embargo que Washington sostiene contra la isla desde hace m\u00e1s de cinco d\u00e9cadas.<\/span><\/p>\n<\/p>\n<p><span class=\"text1noticias\">\u00abCuba ha dicho que ser\u00eda dif\u00edcil concebir un restablecimiento de relaciones mientras Cuba permanezca en la lista de estados patrocinadores del terrorismo internacional\u00bb, subray\u00f3 Vidal. En tanto, agreg\u00f3, \u00abno puede haber normalizaci\u00f3n de las relaciones si no se elimina y no se levanta el bloqueo a Cuba\u00bb.<\/span><\/p>\n<\/p>\n<p><span class=\"text1noticias\">Para la funcionaria cubana, el restablecimiento de las relaciones diplom\u00e1ticas anunciado por Obama y Castro \u00abva a ser un primer paso importante, pero solo el primer paso\u00bb hacia la normalizaci\u00f3n.<\/span><\/p>\n<\/p>\n<p><span class=\"text1noticias\">Vidal explic\u00f3 que la parte estadounidense solicit\u00f3 una revisi\u00f3n de la libertad de movimiento de sus diplom\u00e1ticos en la isla.<\/span><\/p>\n<\/p>\n<p><span class=\"text1noticias\">\u00abNo lo hemos presentado como una condici\u00f3n, no hemos usado esa palabra, pero s\u00ed hemos dicho que la consideraci\u00f3n por parte de Cuba de la libertad de movimiento est\u00e1 asociada a un cambio en el comportamiento\u00bb de los funcionarios estadounidenses en la isla, precis\u00f3 la funcionaria cubana.<\/span><\/p>\n<\/p>\n<p><span class=\"text1noticias\">Vidal record\u00f3 que el presidente Ronald Reagan (1981-1989) fue quien \u00abdispuso aplicar restricciones a los movimientos de los diplom\u00e1ticos cubanos en Washington\u00bb y agreg\u00f3 que los cubanos \u00abaplicamos reciprocidad\u00bb.<\/span><\/p>\n<\/p>\n<p><span class=\"text1noticias\">Para Cuba, los diplom\u00e1ticos estadounidenses \u00abal moverse libremente por nuestro pa\u00eds&#8230; (deber\u00e1n ser) cuidadosos de no realizar actividades que puedan considerarse por Cuba como una injerencia en los asuntos internos de nuestro pa\u00eds. Eso mismo hacemos nosotros en Washington\u00bb, manifest\u00f3 Vidal.<\/span><\/p>\n<\/p>\n<p><span class=\"text1noticias\">En tanto, sobre el posible reclamo de extradici\u00f3n por el gobierno de Estados Unidos de estadounidenses que se refugiaron en Cuba, como es el caso de Joanne Chesimard, activista del Partido Pantera Negra y ahora conocida como Assata Shakur, condenada a cadena perpetua por la justicia de Estados Unidos y quien vive como asilada pol\u00edtica en la isla.<\/span><\/p>\n<\/p>\n<p><span class=\"text1noticias\">\u00abHace unos a\u00f1os Cuba decidi\u00f3 acoger a un grupo de personas luchadores por los derechos civiles en los Estados Unidos, a los que nuestro gobierno leg\u00edtimamente les dio asilo pol\u00edtico\u00bb.<\/span><\/p>\n<\/p>\n<p><span class=\"text1noticias\">La prensa oficial cubana, toda de corte estatal, dio una cobertura muy amplia de las conversaciones entre Cuba y Estados Unidos.<\/span><\/p>\n<\/p>\n<p><span class=\"text1noticias\">De forma inusual, la teleaudiencia cubana pudo ver c\u00f3mo Vidal respondi\u00f3 a periodistas de Estados Unidos sobre derechos humanos, en una rueda de prensa transmitida \u00edntegramente. En tanto, vieron a Roberta Jacobson, funcionaria del gobierno de Obama, hablando con reporteros de medios cubanos, extranjeros e independientes.<\/span><\/p>\n<\/p>\n<p><span class=\"text1noticias\">\u00abHemos visto much\u00edsimo, pero much\u00edsimo m\u00e1s de lo que estamos acostumbrado a ver sobre temas muy sensibles en nuestro pa\u00eds\u00bb exclam\u00f3 Diego Ferrer, jubilado de 68 a\u00f1os.<\/span><\/p>\n<\/p>\n<p><span class=\"text1noticias\">\u00abMe hubiera gustado que lo pusieran todo en vivo\u00bb, coment\u00f3 Jesus Rivero. Este jubilado de 68 a\u00f1os estaba sentado en un parque de La Habana vieja, leyendo el diario oficial Granma.<\/span><\/p>\n<\/p>\n<p><span class=\"text1noticias\">\u00abQue Granma reporte la conferencia de prensa (de Jacobson) organizada en la residencia del jefe de la Secci\u00f3n de Intereses en La Habana\u00bb, afirm\u00f3 Rivero, \u00abes algo bueno, aunque creo que deber\u00eda explicar mucho mejor para que todo el pueblo entienda bien lo que est\u00e1 pasando\u00bb.<\/span><\/p>\n<\/p>\n<p><span class=\"text1noticias\">&#8212;<\/span><\/p>\n<\/p>\n<p><span class=\"text1noticias\">Michael Weissenstein est\u00e1 en Twitter como: https:\/\/twitter.com\/mweissenstein<\/span><\/p>\n<\/p>\n<\/p>\n<p>\u00a9 2015, La Prensa Asociada.<\/p>\n<h6> 2015-01-26 20:17:41 <\/h6>\n<p><!--\n<link rel=\"stylesheet\" href=\"css\/bootstrap.min.css\">\n\n\n<ul class=\"pagination\">\n\t    \n\t\n\n<li >\n\t<a href='?page_no=25094'>Previous<\/a>\n\t<\/li>\n\n\n       \n    \n\n<li><a href='?page_no=1'>1<\/a><\/li>\n\n\n\n<li><a href='?page_no=2'>2<\/a><\/li>\n\n\n\n<li><a>...<\/a><\/li>\n\n\n\n<li><a href='?page_no=25093'>25093<\/a><\/li>\n\n\n\n<li><a href='?page_no=25094'>25094<\/a><\/li>\n\n\n\n<li class='active'><a>25095<\/a><\/li>\n\n\n\n<li><a href='?page_no=25096'>25096<\/a><\/li>\n\n\n\n<li><a href='?page_no=25097'>25097<\/a><\/li>\n\n\n\n<li><a>...<\/a><\/li>\n\n\n\n<li><a href='?page_no=51012'>51012<\/a><\/li>\n\n\n\n<li><a href='?page_no=51013'>51013<\/a><\/li>\n\n    \n\t\n\n<li >\n\t<a href='?page_no=25096'>Next<\/a>\n\t<\/li>\n\n\n    \n\n<li><a href='?page_no=51013'>Last &rsaquo;&rsaquo;<\/a><\/li>\n\n<\/ul>\n\n\n--><br \/>\n<\/body><\/p>\n","protected":false},"excerpt":{"rendered":"<p>POR MICHAEL WEINSSENSTEIN Y ANNE MARIE GARCIA ASSOCIATED PRESS AP Photo AP Photo\/Desmond boylan LA HABANA (AP) &#8212; Tres d\u00edas de conversaciones Cuba-Estados Unidos, las primeras entre funcionarios de ambos pa\u00edses para llevar adelante un restablecimiento de los lazos, dejaron claro a todos un mensaje: la isla caribe\u00f1a no est\u00e1 dispuesta a hacer concesiones en [&hellip;]<\/p>\n","protected":false},"author":3,"featured_media":0,"comment_status":"open","ping_status":"open","sticky":false,"template":"","format":"standard","meta":{"footnotes":""},"categories":[23],"tags":[],"class_list":["post-255450","post","type-post","status-publish","format-standard","hentry","category-internacional"],"_links":{"self":[{"href":"https:\/\/diariodominicano.com\/index.php?rest_route=\/wp\/v2\/posts\/255450","targetHints":{"allow":["GET"]}}],"collection":[{"href":"https:\/\/diariodominicano.com\/index.php?rest_route=\/wp\/v2\/posts"}],"about":[{"href":"https:\/\/diariodominicano.com\/index.php?rest_route=\/wp\/v2\/types\/post"}],"author":[{"embeddable":true,"href":"https:\/\/diariodominicano.com\/index.php?rest_route=\/wp\/v2\/users\/3"}],"replies":[{"embeddable":true,"href":"https:\/\/diariodominicano.com\/index.php?rest_route=%2Fwp%2Fv2%2Fcomments&post=255450"}],"version-history":[{"count":0,"href":"https:\/\/diariodominicano.com\/index.php?rest_route=\/wp\/v2\/posts\/255450\/revisions"}],"wp:attachment":[{"href":"https:\/\/diariodominicano.com\/index.php?rest_route=%2Fwp%2Fv2%2Fmedia&parent=255450"}],"wp:term":[{"taxonomy":"category","embeddable":true,"href":"https:\/\/diariodominicano.com\/index.php?rest_route=%2Fwp%2Fv2%2Fcategories&post=255450"},{"taxonomy":"post_tag","embeddable":true,"href":"https:\/\/diariodominicano.com\/index.php?rest_route=%2Fwp%2Fv2%2Ftags&post=255450"}],"curies":[{"name":"wp","href":"https:\/\/api.w.org\/{rel}","templated":true}]}}