{"id":255449,"date":"2015-01-26T20:27:06","date_gmt":"2015-01-26T20:27:06","guid":{"rendered":"http:\/\/diariodominicano.ddns.net\/?p=255449"},"modified":"2015-01-26T20:27:06","modified_gmt":"2015-01-26T20:27:06","slug":"presidenta-argentina-rechaza-acusacion-por-encubrimiento","status":"publish","type":"post","link":"https:\/\/diariodominicano.com\/?p=255449","title":{"rendered":"Presidenta argentina rechaza acusaci\u00f3n por encubrimiento"},"content":{"rendered":"<p><body><\/p>\n<p><img decoding=\"async\" src=\"img3\/cristinaF00.jpg\" \/>  <\/p>\n<p><span class=\"text1noticias\">POR DEBORA REY <\/span><\/p>\n<p><span class=\"text1noticias\">ASSOCIATED PRESS<\/span><\/p>\n<\/p>\n<p><span class=\"text1noticias\">AP Photo<\/span><\/p>\n<p><span class=\"text1noticias\">AP Photo\/Ivan Fernandez<\/span><\/p>\n<\/p>\n<\/p>\n<p><span class=\"text1noticias\">BUENOS AIRES, 26 de Enero  (AP) &#8212; La presidenta Cristina Fern\u00e1ndez afirm\u00f3 el lunes que no le tiene miedo a la actuaci\u00f3n de la justicia ni se va a dejar extorsionar al cuestionar la denuncia en su contra por supuesto encubrimiento de los sospechosos de un atentado terrorista, en su primera aparici\u00f3n p\u00fablica desde que fue hallado muerto el fiscal a cargo de la acusaci\u00f3n hace una semana.<\/span><\/p>\n<\/p>\n<p><span class=\"text1noticias\">\u00abA m\u00ed no me van a extorsionar, yo no les tengo miedo, que los jueces me citen, que los fiscales denuncien, no me van a hacer mover ni un cent\u00edmetro de lo que siempre he pensado\u00bb, dijo Fern\u00e1ndez en un discurso difundido por cadena nacional y que ofreci\u00f3 sentada en una silla de ruedas.<\/span><\/p>\n<\/p>\n<p><span class=\"text1noticias\">El fiscal Alberto Nisman, de 51 a\u00f1os, apareci\u00f3 muerto en su apartamento el 18 de enero horas antes de comparecer ante una comisi\u00f3n del Congreso para explicar la denuncia contra Fern\u00e1ndez como supuesta ide\u00f3loga de un plan para encubrir a un grupo de iran\u00edes acusados del ataque terrorista contra un centro comunitario jud\u00edo de Buenos Aires en 1994.<\/span><\/p>\n<\/p>\n<p><span class=\"text1noticias\">\u00abEs descabellado pensar que nuestro gobierno pueda siquiera ser sospechado de una maniobra semejante\u00bb, dijo Fern\u00e1ndez sobre la denuncia.<\/span><\/p>\n<\/p>\n<p><span class=\"text1noticias\">La justicia argentina investiga si el fiscal fue asesinado, cometi\u00f3 suicidio o fue v\u00edctima de un suicidio inducido.<\/span><\/p>\n<\/p>\n<p><span class=\"text1noticias\">En el mismo mensaje, la mandataria anunci\u00f3 que enviar\u00e1 al Congreso un proyecto de reforma del servicio de inteligencia.<\/span><\/p>\n<\/p>\n<p><span class=\"text1noticias\">Explic\u00f3 que el primer art\u00edculo de la iniciativa dispone la disoluci\u00f3n de la Secretar\u00eda de Inteligencia y la creaci\u00f3n de una Agencia Federal de Inteligencia.<\/span><\/p>\n<\/p>\n<p><span class=\"text1noticias\">\u00a9 2015, La Prensa Asociada.<\/span><\/p>\n<\/p>\n<h6> 2015-01-26 20:27:06 <\/h6>\n<p><!--\n<link rel=\"stylesheet\" href=\"css\/bootstrap.min.css\">\n\n\n<ul class=\"pagination\">\n\t    \n\t\n\n<li >\n\t<a href='?page_no=25093'>Previous<\/a>\n\t<\/li>\n\n\n       \n    \n\n<li><a href='?page_no=1'>1<\/a><\/li>\n\n\n\n<li><a href='?page_no=2'>2<\/a><\/li>\n\n\n\n<li><a>...<\/a><\/li>\n\n\n\n<li><a href='?page_no=25092'>25092<\/a><\/li>\n\n\n\n<li><a href='?page_no=25093'>25093<\/a><\/li>\n\n\n\n<li class='active'><a>25094<\/a><\/li>\n\n\n\n<li><a href='?page_no=25095'>25095<\/a><\/li>\n\n\n\n<li><a href='?page_no=25096'>25096<\/a><\/li>\n\n\n\n<li><a>...<\/a><\/li>\n\n\n\n<li><a href='?page_no=51012'>51012<\/a><\/li>\n\n\n\n<li><a href='?page_no=51013'>51013<\/a><\/li>\n\n    \n\t\n\n<li >\n\t<a href='?page_no=25095'>Next<\/a>\n\t<\/li>\n\n\n    \n\n<li><a href='?page_no=51013'>Last &rsaquo;&rsaquo;<\/a><\/li>\n\n<\/ul>\n\n\n--><br \/>\n<\/body><\/p>\n","protected":false},"excerpt":{"rendered":"<p>POR DEBORA REY ASSOCIATED PRESS AP Photo AP Photo\/Ivan Fernandez BUENOS AIRES, 26 de Enero (AP) &#8212; La presidenta Cristina Fern\u00e1ndez afirm\u00f3 el lunes que no le tiene miedo a la actuaci\u00f3n de la justicia ni se va a dejar extorsionar al cuestionar la denuncia en su contra por supuesto encubrimiento de los sospechosos de [&hellip;]<\/p>\n","protected":false},"author":3,"featured_media":0,"comment_status":"open","ping_status":"open","sticky":false,"template":"","format":"standard","meta":{"footnotes":""},"categories":[23],"tags":[],"class_list":["post-255449","post","type-post","status-publish","format-standard","hentry","category-internacional"],"_links":{"self":[{"href":"https:\/\/diariodominicano.com\/index.php?rest_route=\/wp\/v2\/posts\/255449","targetHints":{"allow":["GET"]}}],"collection":[{"href":"https:\/\/diariodominicano.com\/index.php?rest_route=\/wp\/v2\/posts"}],"about":[{"href":"https:\/\/diariodominicano.com\/index.php?rest_route=\/wp\/v2\/types\/post"}],"author":[{"embeddable":true,"href":"https:\/\/diariodominicano.com\/index.php?rest_route=\/wp\/v2\/users\/3"}],"replies":[{"embeddable":true,"href":"https:\/\/diariodominicano.com\/index.php?rest_route=%2Fwp%2Fv2%2Fcomments&post=255449"}],"version-history":[{"count":0,"href":"https:\/\/diariodominicano.com\/index.php?rest_route=\/wp\/v2\/posts\/255449\/revisions"}],"wp:attachment":[{"href":"https:\/\/diariodominicano.com\/index.php?rest_route=%2Fwp%2Fv2%2Fmedia&parent=255449"}],"wp:term":[{"taxonomy":"category","embeddable":true,"href":"https:\/\/diariodominicano.com\/index.php?rest_route=%2Fwp%2Fv2%2Fcategories&post=255449"},{"taxonomy":"post_tag","embeddable":true,"href":"https:\/\/diariodominicano.com\/index.php?rest_route=%2Fwp%2Fv2%2Ftags&post=255449"}],"curies":[{"name":"wp","href":"https:\/\/api.w.org\/{rel}","templated":true}]}}