{"id":255448,"date":"2015-01-27T10:49:00","date_gmt":"2015-01-27T10:49:00","guid":{"rendered":"http:\/\/diariodominicano.ddns.net\/?p=255448"},"modified":"2015-01-27T10:49:00","modified_gmt":"2015-01-27T10:49:00","slug":"fidel-castro-respalda-una-solucion-pacifica-al-conflicto-pero-no-confia-en-estados-unidos","status":"publish","type":"post","link":"https:\/\/diariodominicano.com\/?p=255448","title":{"rendered":"Fidel Castro respalda una \u00absoluci\u00f3n pac\u00edfica\u00bb al conflicto pero no conf\u00eda en Estados Unidos"},"content":{"rendered":"<p><body><\/p>\n<p><img decoding=\"async\" src=\"img3\/castro 2.jpg\" \/>  <\/p>\n<p>Fidel Castro respalda una \u00absoluci\u00f3n pac\u00edfica\u00bb al conflicto pero no conf\u00eda en Estados Unidos<\/p>\n<p>Por: RTVE.esFecha: enero 27, 2015En: Internacionales2 Comments<\/p>\n<p>El expresidente de Cuba, Fidel Castro ha afirmado este lunes en un mensaje a los estudiantes de la Universidad de La Habana que no conf\u00eda en la pol\u00edtica de Estados Unidos, aunque ha respaldado la \u00absoluci\u00f3n pac\u00edfica\u00bb y \u00abnegociada\u00bb a los conflictos de acuerdo con las normas internacionales.<\/p>\n<\/p>\n<p>\u00abNo conf\u00edo en la pol\u00edtica de Estados Unidos ni he intercambiado una palabra con ellos, sin que esto signifique, ni mucho menos, un rechazo a una soluci\u00f3n pac\u00edfica de los conflictos o peligros de guerra\u00bb, ha indicado Castro en un mensaje le\u00eddo por el presidente de la Federaci\u00f3n Estudiantil Universitaria (FEU), Randy Perdomo, y que ha sido transmitido por la televisi\u00f3n estatal.<\/p>\n<\/p>\n<p>En alusi\u00f3n al restablecimiento de relaciones entre Cuba y EE.UU., Fidel Castro indica que \u00abel presidente de Cuba (Ra\u00fal Castro, su hermano) ha dado los pasos pertinentes de acuerdo a sus prerrogativas y las facultades que le conceden la Asamblea Nacional y el Partido Comunista de Cuba\u00bb.<\/p>\n<\/p>\n<p>Este mensaje llega tres d\u00edas despu\u00e9s de finalizar la primera ronda de contactos oficiales entre La Habana y Washington celebrados en Cuba el 21 y 22 de enero para trazar la ruta de su deshielo diplom\u00e1tico y son su primer pronunciamiento sobre el hist\u00f3rico acercamiento diplom\u00e1tico entre Cuba y Estados Unidos, enemistados desde 1961, que fue anunciado el pasado 17 de diciembre por los presidentes Ra\u00fal Castro y Barack Obama.<\/p>\n<\/p>\n<p>\u00abDefender la paz de acuerdo a las normas internacionales\u00bb<\/p>\n<p>\u00abDefender la paz es un deber de todos. Cualquier soluci\u00f3n pac\u00edfica y negociada a los problemas entre Estados Unidos y los pueblos o cualquier pueblo de Am\u00e9rica Latina, que no implique la fuerza o el empleo de la fuerza, deber\u00e1 ser tratada de acuerdo a los principios y normas internacionales\u00bb, ha a\u00f1adido el l\u00edder de la revoluci\u00f3n cubana.<\/p>\n<\/p>\n<p>Tambi\u00e9n ha se\u00f1alado que Cuba defender\u00e1 siempre \u00abla cooperaci\u00f3n y la amistad con todos los pueblos del mundo y entre ellos los de nuestros adversarios pol\u00edticos. Es lo que estamos reclamando para todos\u00bb.<\/p>\n<h6> 2015-01-27 10:49:00 <\/h6>\n<p><!--\n<link rel=\"stylesheet\" href=\"css\/bootstrap.min.css\">\n\n\n<ul class=\"pagination\">\n\t    \n\t\n\n<li >\n\t<a href='?page_no=25092'>Previous<\/a>\n\t<\/li>\n\n\n       \n    \n\n<li><a href='?page_no=1'>1<\/a><\/li>\n\n\n\n<li><a href='?page_no=2'>2<\/a><\/li>\n\n\n\n<li><a>...<\/a><\/li>\n\n\n\n<li><a href='?page_no=25091'>25091<\/a><\/li>\n\n\n\n<li><a href='?page_no=25092'>25092<\/a><\/li>\n\n\n\n<li class='active'><a>25093<\/a><\/li>\n\n\n\n<li><a href='?page_no=25094'>25094<\/a><\/li>\n\n\n\n<li><a href='?page_no=25095'>25095<\/a><\/li>\n\n\n\n<li><a>...<\/a><\/li>\n\n\n\n<li><a href='?page_no=51012'>51012<\/a><\/li>\n\n\n\n<li><a href='?page_no=51013'>51013<\/a><\/li>\n\n    \n\t\n\n<li >\n\t<a href='?page_no=25094'>Next<\/a>\n\t<\/li>\n\n\n    \n\n<li><a href='?page_no=51013'>Last &rsaquo;&rsaquo;<\/a><\/li>\n\n<\/ul>\n\n\n--><br \/>\n<\/body><\/p>\n","protected":false},"excerpt":{"rendered":"<p>Fidel Castro respalda una \u00absoluci\u00f3n pac\u00edfica\u00bb al conflicto pero no conf\u00eda en Estados Unidos Por: RTVE.esFecha: enero 27, 2015En: Internacionales2 Comments El expresidente de Cuba, Fidel Castro ha afirmado este lunes en un mensaje a los estudiantes de la Universidad de La Habana que no conf\u00eda en la pol\u00edtica de Estados Unidos, aunque ha respaldado [&hellip;]<\/p>\n","protected":false},"author":3,"featured_media":0,"comment_status":"open","ping_status":"open","sticky":false,"template":"","format":"standard","meta":{"footnotes":""},"categories":[23],"tags":[],"class_list":["post-255448","post","type-post","status-publish","format-standard","hentry","category-internacional"],"_links":{"self":[{"href":"https:\/\/diariodominicano.com\/index.php?rest_route=\/wp\/v2\/posts\/255448","targetHints":{"allow":["GET"]}}],"collection":[{"href":"https:\/\/diariodominicano.com\/index.php?rest_route=\/wp\/v2\/posts"}],"about":[{"href":"https:\/\/diariodominicano.com\/index.php?rest_route=\/wp\/v2\/types\/post"}],"author":[{"embeddable":true,"href":"https:\/\/diariodominicano.com\/index.php?rest_route=\/wp\/v2\/users\/3"}],"replies":[{"embeddable":true,"href":"https:\/\/diariodominicano.com\/index.php?rest_route=%2Fwp%2Fv2%2Fcomments&post=255448"}],"version-history":[{"count":0,"href":"https:\/\/diariodominicano.com\/index.php?rest_route=\/wp\/v2\/posts\/255448\/revisions"}],"wp:attachment":[{"href":"https:\/\/diariodominicano.com\/index.php?rest_route=%2Fwp%2Fv2%2Fmedia&parent=255448"}],"wp:term":[{"taxonomy":"category","embeddable":true,"href":"https:\/\/diariodominicano.com\/index.php?rest_route=%2Fwp%2Fv2%2Fcategories&post=255448"},{"taxonomy":"post_tag","embeddable":true,"href":"https:\/\/diariodominicano.com\/index.php?rest_route=%2Fwp%2Fv2%2Ftags&post=255448"}],"curies":[{"name":"wp","href":"https:\/\/api.w.org\/{rel}","templated":true}]}}