{"id":255447,"date":"2015-01-27T10:54:33","date_gmt":"2015-01-27T10:54:33","guid":{"rendered":"http:\/\/diariodominicano.ddns.net\/?p=255447"},"modified":"2015-01-27T10:54:33","modified_gmt":"2015-01-27T10:54:33","slug":"presidenta-disuelve-los-servicios-de-inteligencia-y-crea-una-nueva-agencia","status":"publish","type":"post","link":"https:\/\/diariodominicano.com\/?p=255447","title":{"rendered":"Presidenta disuelve los servicios de inteligencia y crea una nueva Agencia"},"content":{"rendered":"<p><body><\/p>\n<p><img decoding=\"async\" src=\"img3\/jefa 2.jpg\" \/>  <\/p>\n<p>Buenos Aires, Argentina 27 enero.- La presidenta argentina, Cristina Fern\u00e1ndez, ha informado este lunes de la remisi\u00f3n de un proyecto de ley al Parlamento para disolver la Secretar\u00eda de Inteligencia y crear una nueva Agencia Federal de Inteligencia.<\/p>\n<\/p>\n<p>La presidenta, en su primera aparici\u00f3n p\u00fablica tras la muerte del fiscal Alberto Nisman, ha explicado que la reforma de los servicios de Inteligencia responde a la necesidad de \u00abtransparentar un sistema que no ha sido de diligencia y no ha servido a los intereses nacionales\u00bb.<\/p>\n<\/p>\n<p>Entres sus competencias, la nueva Agencia tendr\u00e1 investigar sobre terrorismo, tr\u00e1fico de armas, ciberdelitos, trata de personas, narcotr\u00e1fico y delitos contra el orden econ\u00f3mico y financiero.<\/p>\n<\/p>\n<p>La Agencia abarcar\u00e1 a la unidad de Inteligencia criminal que ahora depende el ministerio de Seguridad. Adem\u00e1s, se transfiere el sistema judicial de escuchas al Ministerio P\u00fablico Fiscal.<\/p>\n<\/p>\n<p>Seg\u00fan el proyecto, \u00abtoda relaci\u00f3n o actuaci\u00f3n de funcionarios o empleados de cualquiera de los poderes p\u00fablicos vinculadas a las actividades reguladas por la ley\u00bb deber\u00e1n ser dirigidas solo al director o al subdirector de la agencia.<\/p>\n<\/p>\n<p>Elimina as\u00ed el contacto entre jueces, ministros y cualquier funcionario con los agentes de inteligencia, una pr\u00e1ctica cuestionada tras la muerte del fiscal Alberto Nisman por los v\u00ednculos destapados entre el sistema judicial y los servicios secretos.<\/p>\n<\/p>\n<p>\u00abLa \u00fanica v\u00eda para conectarse va a ser precisamente la institucional\u00bb, ha destacado.<\/p>\n<\/p>\n<p>Fern\u00e1ndez explic\u00f3 tambi\u00e9n los motivos que la llevaron a renovar la c\u00fapula de los servicios de inteligencia, a finales del pasado a\u00f1o, y a nombrar al frente a un hombre de su m\u00e1xima confianza, Oscar Parrilli, con dos instrucciones: desplazar a agentes que ven\u00edan de la dictadura y trabajar en un proyecto de reforma del sistema.<\/p>\n<\/p>\n<p>Denuncias como en \u00abninguna etapa de la democracia\u00bb<\/p>\n<p>\u00abEs una deuda pendiente de la democracia\u00bb, ha se\u00f1alado Fern\u00e1ndez en un mensaje al pa\u00eds en la cadena nacional.<\/p>\n<\/p>\n<p>Seg\u00fan la mandataria, tras la firma del acuerdo de entendimiento alcanzado con Ir\u00e1n, en 2013, \u00abse empezaron a observar que ciertos organismos, m\u00e1s concretamente la Secretar\u00eda de Inteligencia, comenzaron a bombardear el acuerdo\u00bb.<\/p>\n<h6> 2015-01-27 10:54:33 <\/h6>\n<p><!--\n<link rel=\"stylesheet\" href=\"css\/bootstrap.min.css\">\n\n\n<ul class=\"pagination\">\n\t    \n\t\n\n<li >\n\t<a href='?page_no=25091'>Previous<\/a>\n\t<\/li>\n\n\n       \n    \n\n<li><a href='?page_no=1'>1<\/a><\/li>\n\n\n\n<li><a href='?page_no=2'>2<\/a><\/li>\n\n\n\n<li><a>...<\/a><\/li>\n\n\n\n<li><a href='?page_no=25090'>25090<\/a><\/li>\n\n\n\n<li><a href='?page_no=25091'>25091<\/a><\/li>\n\n\n\n<li class='active'><a>25092<\/a><\/li>\n\n\n\n<li><a href='?page_no=25093'>25093<\/a><\/li>\n\n\n\n<li><a href='?page_no=25094'>25094<\/a><\/li>\n\n\n\n<li><a>...<\/a><\/li>\n\n\n\n<li><a href='?page_no=51012'>51012<\/a><\/li>\n\n\n\n<li><a href='?page_no=51013'>51013<\/a><\/li>\n\n    \n\t\n\n<li >\n\t<a href='?page_no=25093'>Next<\/a>\n\t<\/li>\n\n\n    \n\n<li><a href='?page_no=51013'>Last &rsaquo;&rsaquo;<\/a><\/li>\n\n<\/ul>\n\n\n--><br \/>\n<\/body><\/p>\n","protected":false},"excerpt":{"rendered":"<p>Buenos Aires, Argentina 27 enero.- La presidenta argentina, Cristina Fern\u00e1ndez, ha informado este lunes de la remisi\u00f3n de un proyecto de ley al Parlamento para disolver la Secretar\u00eda de Inteligencia y crear una nueva Agencia Federal de Inteligencia. La presidenta, en su primera aparici\u00f3n p\u00fablica tras la muerte del fiscal Alberto Nisman, ha explicado que [&hellip;]<\/p>\n","protected":false},"author":3,"featured_media":0,"comment_status":"open","ping_status":"open","sticky":false,"template":"","format":"standard","meta":{"footnotes":""},"categories":[23],"tags":[],"class_list":["post-255447","post","type-post","status-publish","format-standard","hentry","category-internacional"],"_links":{"self":[{"href":"https:\/\/diariodominicano.com\/index.php?rest_route=\/wp\/v2\/posts\/255447","targetHints":{"allow":["GET"]}}],"collection":[{"href":"https:\/\/diariodominicano.com\/index.php?rest_route=\/wp\/v2\/posts"}],"about":[{"href":"https:\/\/diariodominicano.com\/index.php?rest_route=\/wp\/v2\/types\/post"}],"author":[{"embeddable":true,"href":"https:\/\/diariodominicano.com\/index.php?rest_route=\/wp\/v2\/users\/3"}],"replies":[{"embeddable":true,"href":"https:\/\/diariodominicano.com\/index.php?rest_route=%2Fwp%2Fv2%2Fcomments&post=255447"}],"version-history":[{"count":0,"href":"https:\/\/diariodominicano.com\/index.php?rest_route=\/wp\/v2\/posts\/255447\/revisions"}],"wp:attachment":[{"href":"https:\/\/diariodominicano.com\/index.php?rest_route=%2Fwp%2Fv2%2Fmedia&parent=255447"}],"wp:term":[{"taxonomy":"category","embeddable":true,"href":"https:\/\/diariodominicano.com\/index.php?rest_route=%2Fwp%2Fv2%2Fcategories&post=255447"},{"taxonomy":"post_tag","embeddable":true,"href":"https:\/\/diariodominicano.com\/index.php?rest_route=%2Fwp%2Fv2%2Ftags&post=255447"}],"curies":[{"name":"wp","href":"https:\/\/api.w.org\/{rel}","templated":true}]}}