{"id":255446,"date":"2015-01-27T10:59:15","date_gmt":"2015-01-27T10:59:15","guid":{"rendered":"http:\/\/diariodominicano.ddns.net\/?p=255446"},"modified":"2015-01-27T10:59:15","modified_gmt":"2015-01-27T10:59:15","slug":"las-autoridades-de-nueva-york-levantan-la-prohibicion-de-circulacion-tras-nevada","status":"publish","type":"post","link":"https:\/\/diariodominicano.com\/?p=255446","title":{"rendered":"Las autoridades de Nueva York levantan la prohibici\u00f3n de circulaci\u00f3n tras nevada"},"content":{"rendered":"<p><body><\/p>\n<p><img decoding=\"async\" src=\"img3\/neva 27.jpg\" \/>  <\/p>\n<p>Nueva York 27 enero.- Las autoridades de Nueva York han levantado la prohibici\u00f3n del tr\u00e1fico de veh\u00edculos que estaba vigente desde la pasada noche de este lunes en la ciudad y en sus alrededores a causa de la nevada, seg\u00fan informaron fuentes oficiales.<\/p>\n<\/p>\n<p>El gobernador de Nueva York, Andrew Cuomo, y el alcalde de la ciudad, Bill de Blasio, hab\u00edan dispuesto la prohibici\u00f3n de circulaci\u00f3n de veh\u00edculos que no fueran de emergencia desde las 23.00 hora local del lunes (05.00 en horario peninsular espa\u00f1ol del martes) por la fuerte tormenta de nieve que se agudiz\u00f3 durante la noche de este lunes.<\/p>\n<\/p>\n<p>Sin embargo, en su cuenta de twitter, Cuomo ha se\u00f1alado que las restricciones de tr\u00e1fico han quedado levantadas a las 7.30 hora local (13.30 en horario peninsular espa\u00f1ol) para la ciudad de Nueva York y otros condados de los alrededores.<\/p>\n<\/p>\n<p>El alcalde De Blasio tambi\u00e9n ha anunciado que, en lo que se refiere a la ciudad, tambi\u00e9n quedaba levantada la misma prohibici\u00f3n desde la misma hora, ha informado la Alcald\u00eda en un comunicado. Cuomo y De Blasio han coordinado sus acciones para hacer frente al temporal de nieve.<\/p>\n<\/p>\n<p><strong>Primer an\u00e1lisis de la situaci\u00f3n<\/strong><\/p>\n<\/p>\n<p>Cuomo ha adelantado en twitter que se permit\u00eda el tr\u00e1fico en los condados de Nueva York, el valle del Hudson y el condado de Nassau, pero se manten\u00eda para el condado de Suffolk.<\/p>\n<\/p>\n<p>Tambi\u00e9n ha anunciado que el metro de la ciudad de Nueva York, el mayor sistema de transporte p\u00fablico de Estados Unidos, que da servicio diario a unos seis millones de personas, se espera que vuelva a funcionar esta ma\u00f1ana.<\/p>\n<\/p>\n<p>Despu\u00e9s de conocerse la orden, en la ciudad de Nueva York comenzaban a circular espor\u00e1dicamente veh\u00edculos privados, mientras en las calles se ve\u00eda una capa de nieve de unos seis cent\u00edmetros y ca\u00eda intermitentemente una ligera nevada.<\/p>\n<\/p>\n<h6> 2015-01-27 10:59:15 <\/h6>\n<p><!--\n<link rel=\"stylesheet\" href=\"css\/bootstrap.min.css\">\n\n\n<ul class=\"pagination\">\n\t    \n\t\n\n<li >\n\t<a href='?page_no=25090'>Previous<\/a>\n\t<\/li>\n\n\n       \n    \n\n<li><a href='?page_no=1'>1<\/a><\/li>\n\n\n\n<li><a href='?page_no=2'>2<\/a><\/li>\n\n\n\n<li><a>...<\/a><\/li>\n\n\n\n<li><a href='?page_no=25089'>25089<\/a><\/li>\n\n\n\n<li><a href='?page_no=25090'>25090<\/a><\/li>\n\n\n\n<li class='active'><a>25091<\/a><\/li>\n\n\n\n<li><a href='?page_no=25092'>25092<\/a><\/li>\n\n\n\n<li><a href='?page_no=25093'>25093<\/a><\/li>\n\n\n\n<li><a>...<\/a><\/li>\n\n\n\n<li><a href='?page_no=51012'>51012<\/a><\/li>\n\n\n\n<li><a href='?page_no=51013'>51013<\/a><\/li>\n\n    \n\t\n\n<li >\n\t<a href='?page_no=25092'>Next<\/a>\n\t<\/li>\n\n\n    \n\n<li><a href='?page_no=51013'>Last &rsaquo;&rsaquo;<\/a><\/li>\n\n<\/ul>\n\n\n--><br \/>\n<\/body><\/p>\n","protected":false},"excerpt":{"rendered":"<p>Nueva York 27 enero.- Las autoridades de Nueva York han levantado la prohibici\u00f3n del tr\u00e1fico de veh\u00edculos que estaba vigente desde la pasada noche de este lunes en la ciudad y en sus alrededores a causa de la nevada, seg\u00fan informaron fuentes oficiales. El gobernador de Nueva York, Andrew Cuomo, y el alcalde de la [&hellip;]<\/p>\n","protected":false},"author":3,"featured_media":0,"comment_status":"open","ping_status":"open","sticky":false,"template":"","format":"standard","meta":{"footnotes":""},"categories":[23],"tags":[],"class_list":["post-255446","post","type-post","status-publish","format-standard","hentry","category-internacional"],"_links":{"self":[{"href":"https:\/\/diariodominicano.com\/index.php?rest_route=\/wp\/v2\/posts\/255446","targetHints":{"allow":["GET"]}}],"collection":[{"href":"https:\/\/diariodominicano.com\/index.php?rest_route=\/wp\/v2\/posts"}],"about":[{"href":"https:\/\/diariodominicano.com\/index.php?rest_route=\/wp\/v2\/types\/post"}],"author":[{"embeddable":true,"href":"https:\/\/diariodominicano.com\/index.php?rest_route=\/wp\/v2\/users\/3"}],"replies":[{"embeddable":true,"href":"https:\/\/diariodominicano.com\/index.php?rest_route=%2Fwp%2Fv2%2Fcomments&post=255446"}],"version-history":[{"count":0,"href":"https:\/\/diariodominicano.com\/index.php?rest_route=\/wp\/v2\/posts\/255446\/revisions"}],"wp:attachment":[{"href":"https:\/\/diariodominicano.com\/index.php?rest_route=%2Fwp%2Fv2%2Fmedia&parent=255446"}],"wp:term":[{"taxonomy":"category","embeddable":true,"href":"https:\/\/diariodominicano.com\/index.php?rest_route=%2Fwp%2Fv2%2Fcategories&post=255446"},{"taxonomy":"post_tag","embeddable":true,"href":"https:\/\/diariodominicano.com\/index.php?rest_route=%2Fwp%2Fv2%2Ftags&post=255446"}],"curies":[{"name":"wp","href":"https:\/\/api.w.org\/{rel}","templated":true}]}}