{"id":255442,"date":"2015-01-27T13:24:00","date_gmt":"2015-01-27T13:24:00","guid":{"rendered":"http:\/\/diariodominicano.ddns.net\/?p=255442"},"modified":"2015-01-27T13:24:00","modified_gmt":"2015-01-27T13:24:00","slug":"cancilleres-preparan-camino-a-cumbre-de-la-celac-en-costa-rica","status":"publish","type":"post","link":"https:\/\/diariodominicano.com\/?p=255442","title":{"rendered":"&#13;&#13;&#13;Cancilleres preparan camino a cumbre de la Celac en Costa Rica"},"content":{"rendered":"<p><body><\/p>\n<p><img decoding=\"async\" src=\"img3\/iii-cumbre-celac-costa-rica-2015.jpg\" \/>  <\/p>\n<p><span class=\"text1noticias\">\t\t<\/span><\/p>\n<p><span class=\"text1noticias\">  <\/span><\/p>\n<\/p>\n<p><span class=\"text1noticias\">San Jos\u00e9, 27 ene (PL) Los cancilleres de la Comunidad de Estados Latinoamericanos y Caribe\u00f1os (Celac)se re\u00fanen hoy en esta capital, en la v\u00edspera del inicio de la III Cumbre de jefes de Estado y de Gobierno de este mecanismo de integraci\u00f3n regional.<\/span><\/p>\n<\/p>\n<p><span class=\"text1noticias\">Los titulares de Exteriores de las 33 naciones integrantes de la Celac, fundada en 2011 en Caracas, Venezuela, analizar\u00e1n y repasar\u00e1n los diversos temas que se incluir\u00e1n en los 23 proyectos de declaraci\u00f3n y el plan de acci\u00f3n que aprobar\u00e1n los presidentes.<\/span><\/p>\n<\/p>\n<p><span class=\"text1noticias\">La lucha contra la pobreza, la corrupci\u00f3n, el desarrollo sostenible, los compromisos sobre el financiamiento para el desarrollo y las acciones en favor de los sectores m\u00e1s vulnerables son algunos de los particulares que se incluir\u00e1n en las declaraciones, seg\u00fan adelantaron los organizadores.<\/span><\/p>\n<\/p>\n<p><span class=\"text1noticias\">De igual forma, los documentos recoger\u00e1n tambi\u00e9n el consenso del bloque sobre el cambio clim\u00e1tico y sus compromisos, as\u00ed como las relaciones con socios extraregionales como China, la Uni\u00f3n Europea, India y Rusia, entre otros.<\/span><\/p>\n<\/p>\n<p><span class=\"text1noticias\">El foro tambi\u00e9n se pronunciar\u00e1 en declaraciones especiales sobre la lucha contra el terrorismo y el desarme, la agenda post 2015, el financiamiento para el desarrollo y la solidaridad con los pa\u00edses sin litoral.<\/span><\/p>\n<\/p>\n<p><span class=\"text1noticias\">Asimismo, los cancilleres discutir\u00e1n un proyecto de resoluci\u00f3n sobre la necesidad de poner fin al bloqueo econ\u00f3mico, comercial y financiero de Estados Unidos contra Cuba, el cual deber\u00e1n aprobar los presidentes en la \u00faltima jornada del foro, el 29 de enero.<\/span><\/p>\n<\/p>\n<p><span class=\"text1noticias\">Este incluye una solicitud al Congreso de la naci\u00f3n norte\u00f1a para que elimine en la mayor brevedad el bloqueo impuesto a la isla caribe\u00f1a hace m\u00e1s de medio siglo.<\/span><\/p>\n<\/p>\n<p><span class=\"text1noticias\">Los coordinadores nacionales comenzaron la discusi\u00f3n y negociaci\u00f3n de los documentos el pasado 25 de enero en San Jos\u00e9, primera capital centroamericana en abrigar una cumbre de la Celac.<\/span><\/p>\n<\/p>\n<p><span class=\"text1noticias\">Santiago de Chile acogi\u00f3 la I Cumbre en enero de 2013, mientras que La Habana, Cuba, fue la sede de la segunda en 2014.<\/span><\/p>\n<h6> 2015-01-27 13:24:00 <\/h6>\n<p><!--\n<link rel=\"stylesheet\" href=\"css\/bootstrap.min.css\">\n\n\n<ul class=\"pagination\">\n\t    \n\t\n\n<li >\n\t<a href='?page_no=25086'>Previous<\/a>\n\t<\/li>\n\n\n       \n    \n\n<li><a href='?page_no=1'>1<\/a><\/li>\n\n\n\n<li><a href='?page_no=2'>2<\/a><\/li>\n\n\n\n<li><a>...<\/a><\/li>\n\n\n\n<li><a href='?page_no=25085'>25085<\/a><\/li>\n\n\n\n<li><a href='?page_no=25086'>25086<\/a><\/li>\n\n\n\n<li class='active'><a>25087<\/a><\/li>\n\n\n\n<li><a href='?page_no=25088'>25088<\/a><\/li>\n\n\n\n<li><a href='?page_no=25089'>25089<\/a><\/li>\n\n\n\n<li><a>...<\/a><\/li>\n\n\n\n<li><a href='?page_no=51012'>51012<\/a><\/li>\n\n\n\n<li><a href='?page_no=51013'>51013<\/a><\/li>\n\n    \n\t\n\n<li >\n\t<a href='?page_no=25088'>Next<\/a>\n\t<\/li>\n\n\n    \n\n<li><a href='?page_no=51013'>Last &rsaquo;&rsaquo;<\/a><\/li>\n\n<\/ul>\n\n\n--><br \/>\n<\/body><\/p>\n","protected":false},"excerpt":{"rendered":"<p>San Jos\u00e9, 27 ene (PL) Los cancilleres de la Comunidad de Estados Latinoamericanos y Caribe\u00f1os (Celac)se re\u00fanen hoy en esta capital, en la v\u00edspera del inicio de la III Cumbre de jefes de Estado y de Gobierno de este mecanismo de integraci\u00f3n regional. Los titulares de Exteriores de las 33 naciones integrantes de la Celac, [&hellip;]<\/p>\n","protected":false},"author":3,"featured_media":0,"comment_status":"open","ping_status":"open","sticky":false,"template":"","format":"standard","meta":{"footnotes":""},"categories":[23],"tags":[],"class_list":["post-255442","post","type-post","status-publish","format-standard","hentry","category-internacional"],"_links":{"self":[{"href":"https:\/\/diariodominicano.com\/index.php?rest_route=\/wp\/v2\/posts\/255442","targetHints":{"allow":["GET"]}}],"collection":[{"href":"https:\/\/diariodominicano.com\/index.php?rest_route=\/wp\/v2\/posts"}],"about":[{"href":"https:\/\/diariodominicano.com\/index.php?rest_route=\/wp\/v2\/types\/post"}],"author":[{"embeddable":true,"href":"https:\/\/diariodominicano.com\/index.php?rest_route=\/wp\/v2\/users\/3"}],"replies":[{"embeddable":true,"href":"https:\/\/diariodominicano.com\/index.php?rest_route=%2Fwp%2Fv2%2Fcomments&post=255442"}],"version-history":[{"count":0,"href":"https:\/\/diariodominicano.com\/index.php?rest_route=\/wp\/v2\/posts\/255442\/revisions"}],"wp:attachment":[{"href":"https:\/\/diariodominicano.com\/index.php?rest_route=%2Fwp%2Fv2%2Fmedia&parent=255442"}],"wp:term":[{"taxonomy":"category","embeddable":true,"href":"https:\/\/diariodominicano.com\/index.php?rest_route=%2Fwp%2Fv2%2Fcategories&post=255442"},{"taxonomy":"post_tag","embeddable":true,"href":"https:\/\/diariodominicano.com\/index.php?rest_route=%2Fwp%2Fv2%2Ftags&post=255442"}],"curies":[{"name":"wp","href":"https:\/\/api.w.org\/{rel}","templated":true}]}}