{"id":255441,"date":"2015-01-27T13:29:51","date_gmt":"2015-01-27T13:29:51","guid":{"rendered":"http:\/\/diariodominicano.ddns.net\/?p=255441"},"modified":"2015-01-27T13:29:51","modified_gmt":"2015-01-27T13:29:51","slug":"miles-marcharon-en-solidaridad-con-familiares-de-normalistas","status":"publish","type":"post","link":"https:\/\/diariodominicano.com\/?p=255441","title":{"rendered":"&#13;Miles marcharon en solidaridad con familiares de normalistas\t\t\t&#13;"},"content":{"rendered":"<p><body><\/p>\n<p><img decoding=\"async\" src=\"img3\/mexicanos-desaparecidos.jpg\" \/>  <\/p>\n<\/p>\n<p><span class=\"text1noticias\">M\u00e9xico, 27 ene (PL) Miles de personas marcharon por calles de Ciudad de M\u00e9xico para recordar la desaparici\u00f3n de los 43 normalistas a cuatro meses del hecho, exigir castigo a los responsables y justicia, destacan hoy medios de prensa. <\/span><\/p>\n<\/p>\n<p><span class=\"text1noticias\">Familiares de los estudiantes desaparecidos expresaron ayer durante el mitin de la VIII Jornada Global por Ayotzinapa, efectuado en el Z\u00f3calo del Distrito Federal la v\u00edspera, que no aceptar\u00e1n la muerte de sus hijos hasta que el gobierno presente pruebas cient\u00edficas contundentes.<\/span><\/p>\n<\/p>\n<p><span class=\"text1noticias\">Por tanto, proseguir\u00e1n la b\u00fasqueda de los j\u00f3venes, y pidieron el apoyo de la sociedad para encontrarlos.<\/span><\/p>\n<\/p>\n<p><span class=\"text1noticias\">Ante miembros de organizaciones sociales, sindicales, campesinas, de instituciones, profesores y estudiantes, tambi\u00e9n se pronunciaron porque no haya elecciones en el estado de Guerrero.<\/span><\/p>\n<\/p>\n<p><span class=\"text1noticias\">Demandaron que PGR abra nuevas l\u00edneas de investigaci\u00f3n para indagar la responsabilidad del Ej\u00e9rcito en los hechos violentos ocurridos en el municipio guerrerense de Iguala.<\/span><\/p>\n<\/p>\n<p><span class=\"text1noticias\">En esos hechos violentos perdieron la vida seis civiles y 43 estudiantes de la escuela normal rural Ra\u00fal Isidro Burgos fueron v\u00edctimas de la desaparici\u00f3n forzada, 26 y 27 de septiembre anterior.<\/span><\/p>\n<\/p>\n<p><span class=\"text1noticias\">Publicaciones locales reportaron manifestaciones en Colima, Tamaulipas, Sinaloa, estado de M\u00e9xico, Baja California y Oaxaca, entre otros estados mexicanos que se sumaron a la jornada<\/span><\/p>\n<h6> 2015-01-27 13:29:51 <\/h6>\n<p><!--\n<link rel=\"stylesheet\" href=\"css\/bootstrap.min.css\">\n\n\n<ul class=\"pagination\">\n\t    \n\t\n\n<li >\n\t<a href='?page_no=25085'>Previous<\/a>\n\t<\/li>\n\n\n       \n    \n\n<li><a href='?page_no=1'>1<\/a><\/li>\n\n\n\n<li><a href='?page_no=2'>2<\/a><\/li>\n\n\n\n<li><a>...<\/a><\/li>\n\n\n\n<li><a href='?page_no=25084'>25084<\/a><\/li>\n\n\n\n<li><a href='?page_no=25085'>25085<\/a><\/li>\n\n\n\n<li class='active'><a>25086<\/a><\/li>\n\n\n\n<li><a href='?page_no=25087'>25087<\/a><\/li>\n\n\n\n<li><a href='?page_no=25088'>25088<\/a><\/li>\n\n\n\n<li><a>...<\/a><\/li>\n\n\n\n<li><a href='?page_no=51012'>51012<\/a><\/li>\n\n\n\n<li><a href='?page_no=51013'>51013<\/a><\/li>\n\n    \n\t\n\n<li >\n\t<a href='?page_no=25087'>Next<\/a>\n\t<\/li>\n\n\n    \n\n<li><a href='?page_no=51013'>Last &rsaquo;&rsaquo;<\/a><\/li>\n\n<\/ul>\n\n\n--><br \/>\n<\/body><\/p>\n","protected":false},"excerpt":{"rendered":"<p>M\u00e9xico, 27 ene (PL) Miles de personas marcharon por calles de Ciudad de M\u00e9xico para recordar la desaparici\u00f3n de los 43 normalistas a cuatro meses del hecho, exigir castigo a los responsables y justicia, destacan hoy medios de prensa. Familiares de los estudiantes desaparecidos expresaron ayer durante el mitin de la VIII Jornada Global por [&hellip;]<\/p>\n","protected":false},"author":3,"featured_media":0,"comment_status":"open","ping_status":"open","sticky":false,"template":"","format":"standard","meta":{"footnotes":""},"categories":[23],"tags":[],"class_list":["post-255441","post","type-post","status-publish","format-standard","hentry","category-internacional"],"_links":{"self":[{"href":"https:\/\/diariodominicano.com\/index.php?rest_route=\/wp\/v2\/posts\/255441","targetHints":{"allow":["GET"]}}],"collection":[{"href":"https:\/\/diariodominicano.com\/index.php?rest_route=\/wp\/v2\/posts"}],"about":[{"href":"https:\/\/diariodominicano.com\/index.php?rest_route=\/wp\/v2\/types\/post"}],"author":[{"embeddable":true,"href":"https:\/\/diariodominicano.com\/index.php?rest_route=\/wp\/v2\/users\/3"}],"replies":[{"embeddable":true,"href":"https:\/\/diariodominicano.com\/index.php?rest_route=%2Fwp%2Fv2%2Fcomments&post=255441"}],"version-history":[{"count":0,"href":"https:\/\/diariodominicano.com\/index.php?rest_route=\/wp\/v2\/posts\/255441\/revisions"}],"wp:attachment":[{"href":"https:\/\/diariodominicano.com\/index.php?rest_route=%2Fwp%2Fv2%2Fmedia&parent=255441"}],"wp:term":[{"taxonomy":"category","embeddable":true,"href":"https:\/\/diariodominicano.com\/index.php?rest_route=%2Fwp%2Fv2%2Fcategories&post=255441"},{"taxonomy":"post_tag","embeddable":true,"href":"https:\/\/diariodominicano.com\/index.php?rest_route=%2Fwp%2Fv2%2Ftags&post=255441"}],"curies":[{"name":"wp","href":"https:\/\/api.w.org\/{rel}","templated":true}]}}