{"id":255440,"date":"2015-01-27T13:34:58","date_gmt":"2015-01-27T13:34:58","guid":{"rendered":"http:\/\/diariodominicano.ddns.net\/?p=255440"},"modified":"2015-01-27T13:34:58","modified_gmt":"2015-01-27T13:34:58","slug":"papa-reitera-su-rechazo-a-globalizacion-de-la-indiferencia","status":"publish","type":"post","link":"https:\/\/diariodominicano.com\/?p=255440","title":{"rendered":"&#13;&#13;Papa reitera su rechazo a globalizaci\u00f3n de la indiferencia"},"content":{"rendered":"<p><body><\/p>\n<\/p>\n<\/p>\n<p><span class=\"text1noticias\">\t\t<\/span><\/p>\n<\/p>\n<p><span class=\"text1noticias\">Roma, 27 ene (PL) El papa Francisco reiter\u00f3 hoy su denuncia a la globalizaci\u00f3n de la indiferencia, una cr\u00edtica recurrente en sus homil\u00edas.<\/span><\/p>\n<\/p>\n<p><span class=\"text1noticias\">\u00abEsta actitud ego\u00edsta, de indiferencia, ha alcanzado hoy una dimensi\u00f3n mundial, hasta tal punto que podemos hablar de una globalizaci\u00f3n de la indiferencia\u00bb, afirma el Sumo Pont\u00edfice en una ep\u00edstola con motivo de la Cuaresma.<\/span><\/p>\n<\/p>\n<p><span class=\"text1noticias\">Adem\u00e1s, el Obispo de Roma considera en su mensaje que las parroquias y las comunidades religiosas deben convertirse en islas de misericordia, en medio de un mar de indiferencia.<\/span><\/p>\n<\/p>\n<p><span class=\"text1noticias\">Para el Papa, el mundo esta saturado de noticias e im\u00e1genes sobre el sufrimiento humano, mientras se siente una incapacidad para intervenir en su soluci\u00f3n.<\/span><\/p>\n<\/p>\n<p><span class=\"text1noticias\">En coincidencia con la celebraci\u00f3n de los 70 a\u00f1os de la liberaci\u00f3n del campo de concentraci\u00f3n de Auschwitz, donde fue exterminado m\u00e1s de un mill\u00f3n de personas, Francisco apel\u00f3 a un futuro de respeto a la paz.<\/span><\/p>\n<\/p>\n<p><span class=\"text1noticias\">\u00abAuschwitz es un grito de dolor que, en ese gran sufrimiento, est\u00e1 pidiendo un futuro de respeto, de paz y de encuentro entre los pueblos\u00bb, coment\u00f3 el Santo Padre en su cuenta de Twitter.<\/span><\/p>\n<\/p>\n<p><span class=\"text1noticias\">Aquella localidad polaca es centro este martes de una ceremonia de conmemoraci\u00f3n, a la cual acuden funcionarios de Gobierno, pol\u00edticos y personalidades de varias naciones.<\/span><\/p>\n<h6> 2015-01-27 13:34:58 <\/h6>\n<p><!--\n<link rel=\"stylesheet\" href=\"css\/bootstrap.min.css\">\n\n\n<ul class=\"pagination\">\n\t    \n\t\n\n<li >\n\t<a href='?page_no=25084'>Previous<\/a>\n\t<\/li>\n\n\n       \n    \n\n<li><a href='?page_no=1'>1<\/a><\/li>\n\n\n\n<li><a href='?page_no=2'>2<\/a><\/li>\n\n\n\n<li><a>...<\/a><\/li>\n\n\n\n<li><a href='?page_no=25083'>25083<\/a><\/li>\n\n\n\n<li><a href='?page_no=25084'>25084<\/a><\/li>\n\n\n\n<li class='active'><a>25085<\/a><\/li>\n\n\n\n<li><a href='?page_no=25086'>25086<\/a><\/li>\n\n\n\n<li><a href='?page_no=25087'>25087<\/a><\/li>\n\n\n\n<li><a>...<\/a><\/li>\n\n\n\n<li><a href='?page_no=51012'>51012<\/a><\/li>\n\n\n\n<li><a href='?page_no=51013'>51013<\/a><\/li>\n\n    \n\t\n\n<li >\n\t<a href='?page_no=25086'>Next<\/a>\n\t<\/li>\n\n\n    \n\n<li><a href='?page_no=51013'>Last &rsaquo;&rsaquo;<\/a><\/li>\n\n<\/ul>\n\n\n--><br \/>\n<\/body><\/p>\n","protected":false},"excerpt":{"rendered":"<p>Roma, 27 ene (PL) El papa Francisco reiter\u00f3 hoy su denuncia a la globalizaci\u00f3n de la indiferencia, una cr\u00edtica recurrente en sus homil\u00edas. \u00abEsta actitud ego\u00edsta, de indiferencia, ha alcanzado hoy una dimensi\u00f3n mundial, hasta tal punto que podemos hablar de una globalizaci\u00f3n de la indiferencia\u00bb, afirma el Sumo Pont\u00edfice en una ep\u00edstola con motivo [&hellip;]<\/p>\n","protected":false},"author":3,"featured_media":0,"comment_status":"open","ping_status":"open","sticky":false,"template":"","format":"standard","meta":{"footnotes":""},"categories":[23],"tags":[],"class_list":["post-255440","post","type-post","status-publish","format-standard","hentry","category-internacional"],"_links":{"self":[{"href":"https:\/\/diariodominicano.com\/index.php?rest_route=\/wp\/v2\/posts\/255440","targetHints":{"allow":["GET"]}}],"collection":[{"href":"https:\/\/diariodominicano.com\/index.php?rest_route=\/wp\/v2\/posts"}],"about":[{"href":"https:\/\/diariodominicano.com\/index.php?rest_route=\/wp\/v2\/types\/post"}],"author":[{"embeddable":true,"href":"https:\/\/diariodominicano.com\/index.php?rest_route=\/wp\/v2\/users\/3"}],"replies":[{"embeddable":true,"href":"https:\/\/diariodominicano.com\/index.php?rest_route=%2Fwp%2Fv2%2Fcomments&post=255440"}],"version-history":[{"count":0,"href":"https:\/\/diariodominicano.com\/index.php?rest_route=\/wp\/v2\/posts\/255440\/revisions"}],"wp:attachment":[{"href":"https:\/\/diariodominicano.com\/index.php?rest_route=%2Fwp%2Fv2%2Fmedia&parent=255440"}],"wp:term":[{"taxonomy":"category","embeddable":true,"href":"https:\/\/diariodominicano.com\/index.php?rest_route=%2Fwp%2Fv2%2Fcategories&post=255440"},{"taxonomy":"post_tag","embeddable":true,"href":"https:\/\/diariodominicano.com\/index.php?rest_route=%2Fwp%2Fv2%2Ftags&post=255440"}],"curies":[{"name":"wp","href":"https:\/\/api.w.org\/{rel}","templated":true}]}}