{"id":255439,"date":"2015-01-27T13:40:29","date_gmt":"2015-01-27T13:40:29","guid":{"rendered":"http:\/\/diariodominicano.ddns.net\/?p=255439"},"modified":"2015-01-27T13:40:29","modified_gmt":"2015-01-27T13:40:29","slug":"ex-esposa-de-fiscal-muerto-inquieta-a-oposicion-argentina","status":"publish","type":"post","link":"https:\/\/diariodominicano.com\/?p=255439","title":{"rendered":"&#13;&#13;Ex esposa de fiscal muerto inquieta a oposici\u00f3n argentina"},"content":{"rendered":"<p><body><\/p>\n<p><img decoding=\"async\" src=\"img3\/sandra-arroyo.jpg\" \/>  <\/p>\n<p><span class=\"text1noticias\">\t\t<\/span><\/p>\n<p><span class=\"text1noticias\">  <\/span><\/p>\n<\/p>\n<p><span class=\"text1noticias\">Buenos Aires, 27 ene (PL) La ex esposa del fallecido fiscal Alberto Nisman, la jueza Sandra Arroyo, resulta inc\u00f3moda para la oposici\u00f3n argentina por tres causas que preside, y hoy como querellante en el caso de la muerte del padre de sus hijas.<\/span><\/p>\n<\/p>\n<p><span class=\"text1noticias\">Tras conocerse la muerte del procurador, Arroyo quien se encontraba en Barcelona de vacaciones regres\u00f3 de inmediato y se puso al frente de la querella en representaci\u00f3n de los padres y las hijas del occiso.<\/span><\/p>\n<\/p>\n<p><span class=\"text1noticias\">Ya declar\u00f3 durante ocho horas el viernes y el lunes prest\u00f3 m\u00e1s testimonios por varias horas m\u00e1s, aunque los detalles quedaron bien guardados en la Fiscal\u00eda en los Criminal No. 45 de la fiscal Viviana Fein.<\/span><\/p>\n<\/p>\n<p><span class=\"text1noticias\">La magistrada ha rehusado a prestarse a la estridencia medi\u00e1tica que gira en torno al caso, que aprovecha la oposici\u00f3n para atacar al Gobierno de la presidenta Cristina Fern\u00e1ndez.<\/span><\/p>\n<\/p>\n<p><span class=\"text1noticias\">La inquietud que genera en la oposici\u00f3n, en particular la c\u00fapula del Grupo Clar\u00edn, el Frente Renovador de Sergio Massa y Propuesta Republicana, de Mauricio Macri, emana de las tres causas de car\u00e1cter pol\u00edtico que preside Arroyo en el Juzgado Federal No. 1 de San Isidro, provincia de Buenos Aires.<\/span><\/p>\n<\/p>\n<p><span class=\"text1noticias\">Una de ellas es la causa por la identidad de Marcela y Felipe los hijos adoptivos de Ernestina Herrera, propietaria del Grupo Clar\u00edn, sobre quienes se reporta fueron ni\u00f1os robados a parejas desaparecidas durante la \u00faltima dictadura c\u00edvico-militar.<\/span><\/p>\n<\/p>\n<p><span class=\"text1noticias\">En repetidas oportunidades, la letrada se neg\u00f3 a cerrar el caso, a pesar de los insistentes pedidos del ej\u00e9rcito de abogados de la due\u00f1a de Clar\u00edn, encabezados por el exjuez federal Gabriel Cavallo y exsocio del operador medi\u00e1tico Jorge Lanata.<\/span><\/p>\n<\/p>\n<p><span class=\"text1noticias\">La segunda causa que sigue Arroyo se centra contra un grupo de periodistas acusados de integrar una asociaci\u00f3n il\u00edcita dedicada a espiar y \u00abpinchar\u00bb cuentas de mail de funcionarios nacionales, incluida la presidenta Cristina Fern\u00e1ndez.<\/span><\/p>\n<\/p>\n<p><span class=\"text1noticias\">Entre los procesados con pedido de elevaci\u00f3n a juicio oral est\u00e1n los Carlos Pagni (La Naci\u00f3n), Roberto Garc\u00eda (Perfil) y Edgar Mainhard (Urgente 24), comandados por el exjefe de la Secretar\u00eda de Inteligencia del Estado del gobierno de Carlos Menem, Bautista Yofre, exmarido de la periodista de Clar\u00edn, Mar\u00eda Laura Avignolo.<\/span><\/p>\n<\/p>\n<p><span class=\"text1noticias\">La otra causa es por encubrimiento contra el fiscal de la municipalidad bonaerense de San Isidro, Julio Novo, integrante del Frente Renovador de Sergio Massa.<\/span><\/p>\n<\/p>\n<p><span class=\"text1noticias\">Ese procurador est\u00e1 enjuiciado por encubrir causas contra narcotraficantes, incluidos los hermanos Gustavo y Adolfo Juli\u00e1, hijos del brigadier Jos\u00e9 Antonio Juli\u00e1, jefe de la Fuerza A\u00e9rea durante el gobierno de Carlos Menem.<\/span><\/p>\n<\/p>\n<p><span class=\"text1noticias\">A su vez, est\u00e1n ligados al expresidente Eduardo Duhalde y al empresario y jefe sindicalista Luis Barrionuevo, cabeza del ala opositora Azul y Blanca, que se separ\u00f3 de la Confederaci\u00f3n General de los Trabajadores.<\/span><\/p>\n<\/p>\n<p><span class=\"text1noticias\">Los hermanos Juli\u00e1 est\u00e1n presos en Espa\u00f1a por intentar introducir una tonelada de coca\u00edna en ese pa\u00eds.<\/span><\/p>\n<\/p>\n<h6> 2015-01-27 13:40:29 <\/h6>\n<p><!--\n<link rel=\"stylesheet\" href=\"css\/bootstrap.min.css\">\n\n\n<ul class=\"pagination\">\n\t    \n\t\n\n<li >\n\t<a href='?page_no=25083'>Previous<\/a>\n\t<\/li>\n\n\n       \n    \n\n<li><a href='?page_no=1'>1<\/a><\/li>\n\n\n\n<li><a href='?page_no=2'>2<\/a><\/li>\n\n\n\n<li><a>...<\/a><\/li>\n\n\n\n<li><a href='?page_no=25082'>25082<\/a><\/li>\n\n\n\n<li><a href='?page_no=25083'>25083<\/a><\/li>\n\n\n\n<li class='active'><a>25084<\/a><\/li>\n\n\n\n<li><a href='?page_no=25085'>25085<\/a><\/li>\n\n\n\n<li><a href='?page_no=25086'>25086<\/a><\/li>\n\n\n\n<li><a>...<\/a><\/li>\n\n\n\n<li><a href='?page_no=51012'>51012<\/a><\/li>\n\n\n\n<li><a href='?page_no=51013'>51013<\/a><\/li>\n\n    \n\t\n\n<li >\n\t<a href='?page_no=25085'>Next<\/a>\n\t<\/li>\n\n\n    \n\n<li><a href='?page_no=51013'>Last &rsaquo;&rsaquo;<\/a><\/li>\n\n<\/ul>\n\n\n--><br \/>\n<\/body><\/p>\n","protected":false},"excerpt":{"rendered":"<p>Buenos Aires, 27 ene (PL) La ex esposa del fallecido fiscal Alberto Nisman, la jueza Sandra Arroyo, resulta inc\u00f3moda para la oposici\u00f3n argentina por tres causas que preside, y hoy como querellante en el caso de la muerte del padre de sus hijas. Tras conocerse la muerte del procurador, Arroyo quien se encontraba en Barcelona [&hellip;]<\/p>\n","protected":false},"author":3,"featured_media":0,"comment_status":"open","ping_status":"open","sticky":false,"template":"","format":"standard","meta":{"footnotes":""},"categories":[23],"tags":[],"class_list":["post-255439","post","type-post","status-publish","format-standard","hentry","category-internacional"],"_links":{"self":[{"href":"https:\/\/diariodominicano.com\/index.php?rest_route=\/wp\/v2\/posts\/255439","targetHints":{"allow":["GET"]}}],"collection":[{"href":"https:\/\/diariodominicano.com\/index.php?rest_route=\/wp\/v2\/posts"}],"about":[{"href":"https:\/\/diariodominicano.com\/index.php?rest_route=\/wp\/v2\/types\/post"}],"author":[{"embeddable":true,"href":"https:\/\/diariodominicano.com\/index.php?rest_route=\/wp\/v2\/users\/3"}],"replies":[{"embeddable":true,"href":"https:\/\/diariodominicano.com\/index.php?rest_route=%2Fwp%2Fv2%2Fcomments&post=255439"}],"version-history":[{"count":0,"href":"https:\/\/diariodominicano.com\/index.php?rest_route=\/wp\/v2\/posts\/255439\/revisions"}],"wp:attachment":[{"href":"https:\/\/diariodominicano.com\/index.php?rest_route=%2Fwp%2Fv2%2Fmedia&parent=255439"}],"wp:term":[{"taxonomy":"category","embeddable":true,"href":"https:\/\/diariodominicano.com\/index.php?rest_route=%2Fwp%2Fv2%2Fcategories&post=255439"},{"taxonomy":"post_tag","embeddable":true,"href":"https:\/\/diariodominicano.com\/index.php?rest_route=%2Fwp%2Fv2%2Ftags&post=255439"}],"curies":[{"name":"wp","href":"https:\/\/api.w.org\/{rel}","templated":true}]}}