{"id":255438,"date":"2015-01-27T22:49:48","date_gmt":"2015-01-27T22:49:48","guid":{"rendered":"http:\/\/diariodominicano.ddns.net\/?p=255438"},"modified":"2015-01-27T22:49:48","modified_gmt":"2015-01-27T22:49:48","slug":"cumbre-celac-llegan-primeros-presidentes-para-cumbre-en-costa-rica","status":"publish","type":"post","link":"https:\/\/diariodominicano.com\/?p=255438","title":{"rendered":"CUMBRE CELAC: Llegan primeros presidentes para Cumbre en Costa Rica"},"content":{"rendered":"<p><body><\/p>\n<p><img decoding=\"async\" src=\"img3\/Costa Ricat.jpg\" \/>  <\/p>\n<p><span class=\"text1noticias\">SAN JOSE, 27 ene (Xinhua) &#8212; Jefes de Estado y de gobierno de los 33 pa\u00edses que integran la Comunidad de Estados Latinoamericanos y Caribe\u00f1os (CELAC) empezaron a llegar a Costa Rica este martes para la cumbre que sostendr\u00e1n entre el mi\u00e9rcoles y el jueves.<\/span><\/p>\n<p><span class=\"text1noticias\"> <\/span><\/p>\n<p><span class=\"text1noticias\">El primero en arribar a suelo costarricense fue el presidente de Cuba, Ra\u00fal Castro, quien aterriz\u00f3 en el aeropuerto Internacional Juan Santamar\u00eda del medio d\u00eda, seguido a media tarde por el presidente de El Salvador, Salvador S\u00e1nchez Cer\u00e9n.<\/span><\/p>\n<p><span class=\"text1noticias\"> <\/span><\/p>\n<p><span class=\"text1noticias\">Tambi\u00e9n llegaron al pa\u00eds los primeros ministros de Antigua y Barbuda, Gaston Browne; de Granada, Keith Mitchell; de San Vicente y las Granadinas, Ralph Gonsalves y de Barbados, Freundel Stuart.<\/span><\/p>\n<p><span class=\"text1noticias\"> <\/span><\/p>\n<p><span class=\"text1noticias\">Al final de la tarde hizo su ingreso el secretario general de la Organizaci\u00f3n de Estados Americanos (OEA), Jos\u00e9 Miguel Insulza, mientras que el director general de la Organizaci\u00f3n de Naciones Unidas para la Agricultura y la Alimentaci\u00f3n (FAO) ya hab\u00eda llegado a Costa Rica y sostuvo un encuentro bilateral con el presidente costarricense, Luis Guillermo Sol\u00eds.<\/span><\/p>\n<p><span class=\"text1noticias\"> <\/span><\/p>\n<p><span class=\"text1noticias\">Esta noche tambi\u00e9n llegar\u00e1 la presidenta de Chile, Michelle Bachelett, mientras que los restantes presidentes invitados estar\u00e1n llegando desde las 5:30 a.m. de este mi\u00e9rcoles (11:30 GMT).<\/span><\/p>\n<p><span class=\"text1noticias\"> <\/span><\/p>\n<p><span class=\"text1noticias\">Hasta el momento se ha descartado la presencia de la presidenta de Argentina, Cristina Fern\u00e1ndez; el presidente de Per\u00fa, Ollanta Humala, el mandatario de Paraguay, Horacio Cartes; el presidente de M\u00e9xico, Enrique Pe\u00f1a Nieto, y el primer ministro de Belice, Dean Ba<\/span>rrow.<\/p>\n<h6> 2015-01-27 22:49:48 <\/h6>\n<p><!--\n<link rel=\"stylesheet\" href=\"css\/bootstrap.min.css\">\n\n\n<ul class=\"pagination\">\n\t    \n\t\n\n<li >\n\t<a href='?page_no=25082'>Previous<\/a>\n\t<\/li>\n\n\n       \n    \n\n<li><a href='?page_no=1'>1<\/a><\/li>\n\n\n\n<li><a href='?page_no=2'>2<\/a><\/li>\n\n\n\n<li><a>...<\/a><\/li>\n\n\n\n<li><a href='?page_no=25081'>25081<\/a><\/li>\n\n\n\n<li><a href='?page_no=25082'>25082<\/a><\/li>\n\n\n\n<li class='active'><a>25083<\/a><\/li>\n\n\n\n<li><a href='?page_no=25084'>25084<\/a><\/li>\n\n\n\n<li><a href='?page_no=25085'>25085<\/a><\/li>\n\n\n\n<li><a>...<\/a><\/li>\n\n\n\n<li><a href='?page_no=51012'>51012<\/a><\/li>\n\n\n\n<li><a href='?page_no=51013'>51013<\/a><\/li>\n\n    \n\t\n\n<li >\n\t<a href='?page_no=25084'>Next<\/a>\n\t<\/li>\n\n\n    \n\n<li><a href='?page_no=51013'>Last &rsaquo;&rsaquo;<\/a><\/li>\n\n<\/ul>\n\n\n--><br \/>\n<\/body><\/p>\n","protected":false},"excerpt":{"rendered":"<p>SAN JOSE, 27 ene (Xinhua) &#8212; Jefes de Estado y de gobierno de los 33 pa\u00edses que integran la Comunidad de Estados Latinoamericanos y Caribe\u00f1os (CELAC) empezaron a llegar a Costa Rica este martes para la cumbre que sostendr\u00e1n entre el mi\u00e9rcoles y el jueves. El primero en arribar a suelo costarricense fue el presidente [&hellip;]<\/p>\n","protected":false},"author":3,"featured_media":0,"comment_status":"open","ping_status":"open","sticky":false,"template":"","format":"standard","meta":{"footnotes":""},"categories":[23],"tags":[],"class_list":["post-255438","post","type-post","status-publish","format-standard","hentry","category-internacional"],"_links":{"self":[{"href":"https:\/\/diariodominicano.com\/index.php?rest_route=\/wp\/v2\/posts\/255438","targetHints":{"allow":["GET"]}}],"collection":[{"href":"https:\/\/diariodominicano.com\/index.php?rest_route=\/wp\/v2\/posts"}],"about":[{"href":"https:\/\/diariodominicano.com\/index.php?rest_route=\/wp\/v2\/types\/post"}],"author":[{"embeddable":true,"href":"https:\/\/diariodominicano.com\/index.php?rest_route=\/wp\/v2\/users\/3"}],"replies":[{"embeddable":true,"href":"https:\/\/diariodominicano.com\/index.php?rest_route=%2Fwp%2Fv2%2Fcomments&post=255438"}],"version-history":[{"count":0,"href":"https:\/\/diariodominicano.com\/index.php?rest_route=\/wp\/v2\/posts\/255438\/revisions"}],"wp:attachment":[{"href":"https:\/\/diariodominicano.com\/index.php?rest_route=%2Fwp%2Fv2%2Fmedia&parent=255438"}],"wp:term":[{"taxonomy":"category","embeddable":true,"href":"https:\/\/diariodominicano.com\/index.php?rest_route=%2Fwp%2Fv2%2Fcategories&post=255438"},{"taxonomy":"post_tag","embeddable":true,"href":"https:\/\/diariodominicano.com\/index.php?rest_route=%2Fwp%2Fv2%2Ftags&post=255438"}],"curies":[{"name":"wp","href":"https:\/\/api.w.org\/{rel}","templated":true}]}}