{"id":255432,"date":"2015-01-28T13:55:01","date_gmt":"2015-01-28T13:55:01","guid":{"rendered":"http:\/\/diariodominicano.ddns.net\/?p=255432"},"modified":"2015-01-28T13:55:01","modified_gmt":"2015-01-28T13:55:01","slug":"ministro-colombiano-insta-a-farc-ep-a-mantener-tregua-unilateral","status":"publish","type":"post","link":"https:\/\/diariodominicano.com\/?p=255432","title":{"rendered":"&#13;&#13;&#13;&#13;Ministro colombiano insta a FARC-EP a mantener tregua unilateral"},"content":{"rendered":"<p><body><\/p>\n<p><span class=\"text1noticias\">\t\t\t<\/span><\/p>\n<p><span class=\"text1noticias\">  <\/span><\/p>\n<\/p>\n<p><span class=\"text1noticias\"> Bogot\u00e1, 28 ene (PL) El ministro del interior Juan Fernando Cristo inst\u00f3 a las FARC-EP a mantener el cese el fuego decretado desde diciembre por esa agrupaci\u00f3n, uno de los movimientos insurgentes involucrados en el conflicto colombiano, divulgaron hoy informativos locales.<\/span><\/p>\n<\/p>\n<p><span class=\"text1noticias\">Tras reconocer que las Fuerzas Armadas Revolucionarias de Colombia-Ej\u00e9rcito del Pueblo (FARC-EP), cumplieron hasta ahora con esa medida, el abogado y pol\u00edtico consider\u00f3 que la suspensi\u00f3n unilateral de las hostilidades fue una decisi\u00f3n afortunada.<\/span><\/p>\n<\/p>\n<p><span class=\"text1noticias\">Ojal\u00e1 mantengan esa disposici\u00f3n que hace mucho bien al proceso de paz, afirm\u00f3 el titular del interior citado por Caracol Radio.<\/span><\/p>\n<\/p>\n<p><span class=\"text1noticias\">En un comunicado fechado la v\u00edspera en La Habana, el grupo guerrillero alert\u00f3 nuevamente sobre las continuas ofensivas del Ej\u00e9rcito contra sus campamentos, no obstante la paralizaci\u00f3n de las acciones puesta en vigor desde el pasado 20 de diciembre por la comandancia de las FARC-EP.<\/span><\/p>\n<\/p>\n<p><span class=\"text1noticias\">Tal irresponsabilidad ha enrarecido el ambiente, haciendo cada vez m\u00e1s insostenible la tregua, subray\u00f3 el mensaje en el cual tildan de incongruente la actitud del Ejecutivo.<\/span><\/p>\n<\/p>\n<p><span class=\"text1noticias\">Presidente (Juan Manuel) Santos: en medio de un proceso que busca la reconciliaci\u00f3n, es incoherente provocar de esa manera el reinicio del fuego, en lugar de propiciar el silenciamiento de los fusiles, reza el pronunciamiento publicado en el portal digital http:\/\/www.pazfarc-ep.org\/.<\/span><\/p>\n<\/p>\n<p><span class=\"text1noticias\">En respuesta a tales afirmaciones Cristo convoc\u00f3 a las FARC-EP a preservar la interrupci\u00f3n de sus despliegues b\u00e9licos, aunque no adelant\u00f3 ninguna respuesta concreta del Gobierno ante las denuncias de la insurgencia, que exige sea instaurado cuanto antes el cese el fuego bilateral.<\/span><\/p>\n<\/p>\n<p><span class=\"text1noticias\">El mandatario colombiano anunci\u00f3 en semanas previas que sus voceros comenzar\u00edan a discutir esa opci\u00f3n, a partir del 2 de febrero, fecha cuando deber\u00e1n reiniciarse las conversaciones oficiales con los representantes de las FARC-EP.<\/span><\/p>\n<\/p>\n<p><span class=\"text1noticias\">Desde 2012 ambas partes beligerantes platican en Cuba para hallar una salida negociada a la confrontaci\u00f3n interna, la cual perjudic\u00f3 de forma directa a unos 6,8 millones de personas en el transcurso de m\u00e1s de medio siglo.<\/span><\/p>\n<\/p>\n<h6> 2015-01-28 13:55:01 <\/h6>\n<p><!--\n<link rel=\"stylesheet\" href=\"css\/bootstrap.min.css\">\n\n\n<ul class=\"pagination\">\n\t    \n\t\n\n<li >\n\t<a href='?page_no=25076'>Previous<\/a>\n\t<\/li>\n\n\n       \n    \n\n<li><a href='?page_no=1'>1<\/a><\/li>\n\n\n\n<li><a href='?page_no=2'>2<\/a><\/li>\n\n\n\n<li><a>...<\/a><\/li>\n\n\n\n<li><a href='?page_no=25075'>25075<\/a><\/li>\n\n\n\n<li><a href='?page_no=25076'>25076<\/a><\/li>\n\n\n\n<li class='active'><a>25077<\/a><\/li>\n\n\n\n<li><a href='?page_no=25078'>25078<\/a><\/li>\n\n\n\n<li><a href='?page_no=25079'>25079<\/a><\/li>\n\n\n\n<li><a>...<\/a><\/li>\n\n\n\n<li><a href='?page_no=51012'>51012<\/a><\/li>\n\n\n\n<li><a href='?page_no=51013'>51013<\/a><\/li>\n\n    \n\t\n\n<li >\n\t<a href='?page_no=25078'>Next<\/a>\n\t<\/li>\n\n\n    \n\n<li><a href='?page_no=51013'>Last &rsaquo;&rsaquo;<\/a><\/li>\n\n<\/ul>\n\n\n--><br \/>\n<\/body><\/p>\n","protected":false},"excerpt":{"rendered":"<p>Bogot\u00e1, 28 ene (PL) El ministro del interior Juan Fernando Cristo inst\u00f3 a las FARC-EP a mantener el cese el fuego decretado desde diciembre por esa agrupaci\u00f3n, uno de los movimientos insurgentes involucrados en el conflicto colombiano, divulgaron hoy informativos locales. Tras reconocer que las Fuerzas Armadas Revolucionarias de Colombia-Ej\u00e9rcito del Pueblo (FARC-EP), cumplieron hasta [&hellip;]<\/p>\n","protected":false},"author":3,"featured_media":0,"comment_status":"open","ping_status":"open","sticky":false,"template":"","format":"standard","meta":{"footnotes":""},"categories":[23],"tags":[],"class_list":["post-255432","post","type-post","status-publish","format-standard","hentry","category-internacional"],"_links":{"self":[{"href":"https:\/\/diariodominicano.com\/index.php?rest_route=\/wp\/v2\/posts\/255432","targetHints":{"allow":["GET"]}}],"collection":[{"href":"https:\/\/diariodominicano.com\/index.php?rest_route=\/wp\/v2\/posts"}],"about":[{"href":"https:\/\/diariodominicano.com\/index.php?rest_route=\/wp\/v2\/types\/post"}],"author":[{"embeddable":true,"href":"https:\/\/diariodominicano.com\/index.php?rest_route=\/wp\/v2\/users\/3"}],"replies":[{"embeddable":true,"href":"https:\/\/diariodominicano.com\/index.php?rest_route=%2Fwp%2Fv2%2Fcomments&post=255432"}],"version-history":[{"count":0,"href":"https:\/\/diariodominicano.com\/index.php?rest_route=\/wp\/v2\/posts\/255432\/revisions"}],"wp:attachment":[{"href":"https:\/\/diariodominicano.com\/index.php?rest_route=%2Fwp%2Fv2%2Fmedia&parent=255432"}],"wp:term":[{"taxonomy":"category","embeddable":true,"href":"https:\/\/diariodominicano.com\/index.php?rest_route=%2Fwp%2Fv2%2Fcategories&post=255432"},{"taxonomy":"post_tag","embeddable":true,"href":"https:\/\/diariodominicano.com\/index.php?rest_route=%2Fwp%2Fv2%2Ftags&post=255432"}],"curies":[{"name":"wp","href":"https:\/\/api.w.org\/{rel}","templated":true}]}}