{"id":255431,"date":"2015-01-28T14:00:24","date_gmt":"2015-01-28T14:00:24","guid":{"rendered":"http:\/\/diariodominicano.ddns.net\/?p=255431"},"modified":"2015-01-28T14:00:24","modified_gmt":"2015-01-28T14:00:24","slug":"milicianos-de-ei-lanzan-amenaza-de-ataques-contra-belgica-y-francia","status":"publish","type":"post","link":"https:\/\/diariodominicano.com\/?p=255431","title":{"rendered":"&#13;&#13;Milicianos de EI lanzan amenaza de ataques contra B\u00e9lgica y Francia"},"content":{"rendered":"<p><body><\/p>\n<\/p>\n<\/p>\n<p><span class=\"text1noticias\"> <\/span><\/p>\n<p><span class=\"text1noticias\">BRUSELAS, 28 ene (Xinhua) &#8212; El grupo miliciano Estado Isl\u00e1mico (EI) amenaz\u00f3 en un nuevo video con lanzar una serie de acciones violentas en B\u00e9lgica y Francia, se inform\u00f3 hoy.<\/span><\/p>\n<p><span class=\"text1noticias\">    <\/span><\/p>\n<p><span class=\"text1noticias\">El video, dado a conocer por medios belgas, muestra a tres milicianos del EI con un soldado kurdo capturado. Uno de los hombres amenaza con lanzar ataques contra Francia y \u00absu hermana\u00bb B\u00e9lgica.<\/span><\/p>\n<p><span class=\"text1noticias\">     <\/span><\/p>\n<p><span class=\"text1noticias\">\u00abLes advertimos que llegaremos a su pa\u00eds con coches bomba y explosivos y que les cortaremos la cabeza\u00bb, dice el mensaje.<\/span><\/p>\n<p><span class=\"text1noticias\">     <\/span><\/p>\n<p><span class=\"text1noticias\">Las amenazas fueron hechas tras el ataque contra las oficinas centrales de la revista sat\u00edrica francesa \u00abCharlie Hebdo\u00bb en Par\u00eds a principios de este mes.<\/span><\/p>\n<p><span class=\"text1noticias\">     <\/span><\/p>\n<p><span class=\"text1noticias\">Despu\u00e9s de esos ataques, la polic\u00eda belga frustr\u00f3 el intento de una supuesta c\u00e9lula yihadista de llevar a cabo actos de terrorismo en el pa\u00eds.<\/span><\/p>\n<p><span class=\"text1noticias\">     <\/span><\/p>\n<p><span class=\"text1noticias\">Tambi\u00e9n se hicieron arrestos en Alemania, Francia y Grecia.<\/span><\/p>\n<p><span class=\"text1noticias\">     <\/span><\/p>\n<p><span class=\"text1noticias\">En relaci\u00f3n con el video, la oficina del fiscal belga dijo que est\u00e1n siguiendo de cerca los hechos.<\/span><\/p>\n<p><span class=\"text1noticias\">     <\/span><\/p>\n<p><span class=\"text1noticias\">Sin embargo, el Organo de Coordinaci\u00f3n de An\u00e1lisis de Amenazas (OCAD) indic\u00f3 que no elevar\u00e1 el nivel de seguridad del pa\u00eds en respuesta a la reciente amenaza.<\/span><\/p>\n<p><span class=\"text1noticias\">     <\/span><\/p>\n<p><span class=\"text1noticias\">Tras la operaci\u00f3n de la polic\u00eda contra la c\u00e9lula yihadista a principios de mes, el nivel de amenaza en B\u00e9lgica fue elevado de 2 a 3 en una escala de 4 a partir de una recomendaci\u00f3n de OCAD.<\/span><\/p>\n<p><span class=\"text1noticias\">     <\/span><\/p>\n<p><span class=\"text1noticias\">Desde entonces, se observa la presencia de soldados en las calles de Bruselas, Antwerp y otras partes para proteger algunas instalaciones sensibles.<\/span><\/p>\n<\/p>\n<\/p>\n<h6> 2015-01-28 14:00:24 <\/h6>\n<p><!--\n<link rel=\"stylesheet\" href=\"css\/bootstrap.min.css\">\n\n\n<ul class=\"pagination\">\n\t    \n\t\n\n<li >\n\t<a href='?page_no=25075'>Previous<\/a>\n\t<\/li>\n\n\n       \n    \n\n<li><a href='?page_no=1'>1<\/a><\/li>\n\n\n\n<li><a href='?page_no=2'>2<\/a><\/li>\n\n\n\n<li><a>...<\/a><\/li>\n\n\n\n<li><a href='?page_no=25074'>25074<\/a><\/li>\n\n\n\n<li><a href='?page_no=25075'>25075<\/a><\/li>\n\n\n\n<li class='active'><a>25076<\/a><\/li>\n\n\n\n<li><a href='?page_no=25077'>25077<\/a><\/li>\n\n\n\n<li><a href='?page_no=25078'>25078<\/a><\/li>\n\n\n\n<li><a>...<\/a><\/li>\n\n\n\n<li><a href='?page_no=51012'>51012<\/a><\/li>\n\n\n\n<li><a href='?page_no=51013'>51013<\/a><\/li>\n\n    \n\t\n\n<li >\n\t<a href='?page_no=25077'>Next<\/a>\n\t<\/li>\n\n\n    \n\n<li><a href='?page_no=51013'>Last &rsaquo;&rsaquo;<\/a><\/li>\n\n<\/ul>\n\n\n--><br \/>\n<\/body><\/p>\n","protected":false},"excerpt":{"rendered":"<p>BRUSELAS, 28 ene (Xinhua) &#8212; El grupo miliciano Estado Isl\u00e1mico (EI) amenaz\u00f3 en un nuevo video con lanzar una serie de acciones violentas en B\u00e9lgica y Francia, se inform\u00f3 hoy. El video, dado a conocer por medios belgas, muestra a tres milicianos del EI con un soldado kurdo capturado. Uno de los hombres amenaza con [&hellip;]<\/p>\n","protected":false},"author":3,"featured_media":0,"comment_status":"open","ping_status":"open","sticky":false,"template":"","format":"standard","meta":{"footnotes":""},"categories":[23],"tags":[],"class_list":["post-255431","post","type-post","status-publish","format-standard","hentry","category-internacional"],"_links":{"self":[{"href":"https:\/\/diariodominicano.com\/index.php?rest_route=\/wp\/v2\/posts\/255431","targetHints":{"allow":["GET"]}}],"collection":[{"href":"https:\/\/diariodominicano.com\/index.php?rest_route=\/wp\/v2\/posts"}],"about":[{"href":"https:\/\/diariodominicano.com\/index.php?rest_route=\/wp\/v2\/types\/post"}],"author":[{"embeddable":true,"href":"https:\/\/diariodominicano.com\/index.php?rest_route=\/wp\/v2\/users\/3"}],"replies":[{"embeddable":true,"href":"https:\/\/diariodominicano.com\/index.php?rest_route=%2Fwp%2Fv2%2Fcomments&post=255431"}],"version-history":[{"count":0,"href":"https:\/\/diariodominicano.com\/index.php?rest_route=\/wp\/v2\/posts\/255431\/revisions"}],"wp:attachment":[{"href":"https:\/\/diariodominicano.com\/index.php?rest_route=%2Fwp%2Fv2%2Fmedia&parent=255431"}],"wp:term":[{"taxonomy":"category","embeddable":true,"href":"https:\/\/diariodominicano.com\/index.php?rest_route=%2Fwp%2Fv2%2Fcategories&post=255431"},{"taxonomy":"post_tag","embeddable":true,"href":"https:\/\/diariodominicano.com\/index.php?rest_route=%2Fwp%2Fv2%2Ftags&post=255431"}],"curies":[{"name":"wp","href":"https:\/\/api.w.org\/{rel}","templated":true}]}}