{"id":255427,"date":"2015-01-28T14:22:56","date_gmt":"2015-01-28T14:22:56","guid":{"rendered":"http:\/\/diariodominicano.ddns.net\/?p=255427"},"modified":"2015-01-28T14:22:56","modified_gmt":"2015-01-28T14:22:56","slug":"grecia-reacciona-contra-declaracion-europea-de-amenazas-a-rusia","status":"publish","type":"post","link":"https:\/\/diariodominicano.com\/?p=255427","title":{"rendered":"&#13;&#13;Grecia reacciona contra declaraci\u00f3n europea de amenazas a Rusia\t\t\t&#13;"},"content":{"rendered":"<p><body><\/p>\n<p><img decoding=\"async\" src=\"img3\/bandera-grecia.jpg\" \/>  <\/p>\n<\/p>\n<p><span class=\"text1noticias\">Atenas, 28 ene (PL). El reci\u00e9n nombrado gobierno en Grecia expres\u00f3 hoy su protesta ante la Uni\u00f3n Europea (UE) por no haber contado con el pa\u00eds en la elaboraci\u00f3n de una declaraci\u00f3n de amenaza a Rusia con nuevas sanciones. <\/span><\/p>\n<\/p>\n<p><span class=\"text1noticias\">En el texto publicado la v\u00edspera, los l\u00edderes de la UE culpan a Mosc\u00fa del aumento de la violencia en el este de Ucrania, donde se registraron 30 muertes en Mariupol, y del deterioro de la seguridad y el agravamiento de la situaci\u00f3n humanitaria.<\/span><\/p>\n<\/p>\n<p><span class=\"text1noticias\">El rechazo griego se debe, seg\u00fan el viceministro de Asuntos Exteriores, Nikos Juntis, a que la declaraci\u00f3n de \u00ablos Jefes de Estado y de Gobierno\u00bb se redact\u00f3 \u00absin seguir los procedimientos establecidos, sin informar a Grecia ni obtener el consentimiento del Primer Ministro, Alexis Tsipras\u00bb.<\/span><\/p>\n<\/p>\n<p><span class=\"text1noticias\">Adem\u00e1s, Juntis se mostr\u00f3 contrario \u00abcon el esp\u00edritu de las sanciones contra Rusia, que tiene consecuencias negativas tanto en la agricultura como la econom\u00eda de nuestro pa\u00eds, y de manera general\u00bb.<\/span><\/p>\n<\/p>\n<p><span class=\"text1noticias\">Igualmente denunci\u00f3 \u00abla fiebre de algunos Estados miembros (contra Rusia), y esta prisa se reflej\u00f3 en la declaraci\u00f3n\u00bb no consensuada con Atenas.<\/span><\/p>\n<\/p>\n<p><span class=\"text1noticias\">Juntis, cuya protesta fue transmitida telef\u00f3nicamente a la Alta Representante de la UE para Asuntos Exteriores y Pol\u00edtica de Seguridad, Federica Mogherini, aclar\u00f3 que la posici\u00f3n de su pa\u00eds sobre la cuesti\u00f3n ser\u00e1 fijada hoy por el consejo de ministros.<\/span><\/p>\n<h6> 2015-01-28 14:22:56 <\/h6>\n<p><!--\n<link rel=\"stylesheet\" href=\"css\/bootstrap.min.css\">\n\n\n<ul class=\"pagination\">\n\t    \n\t\n\n<li >\n\t<a href='?page_no=25071'>Previous<\/a>\n\t<\/li>\n\n\n       \n    \n\n<li><a href='?page_no=1'>1<\/a><\/li>\n\n\n\n<li><a href='?page_no=2'>2<\/a><\/li>\n\n\n\n<li><a>...<\/a><\/li>\n\n\n\n<li><a href='?page_no=25070'>25070<\/a><\/li>\n\n\n\n<li><a href='?page_no=25071'>25071<\/a><\/li>\n\n\n\n<li class='active'><a>25072<\/a><\/li>\n\n\n\n<li><a href='?page_no=25073'>25073<\/a><\/li>\n\n\n\n<li><a href='?page_no=25074'>25074<\/a><\/li>\n\n\n\n<li><a>...<\/a><\/li>\n\n\n\n<li><a href='?page_no=51012'>51012<\/a><\/li>\n\n\n\n<li><a href='?page_no=51013'>51013<\/a><\/li>\n\n    \n\t\n\n<li >\n\t<a href='?page_no=25073'>Next<\/a>\n\t<\/li>\n\n\n    \n\n<li><a href='?page_no=51013'>Last &rsaquo;&rsaquo;<\/a><\/li>\n\n<\/ul>\n\n\n--><br \/>\n<\/body><\/p>\n","protected":false},"excerpt":{"rendered":"<p>Atenas, 28 ene (PL). El reci\u00e9n nombrado gobierno en Grecia expres\u00f3 hoy su protesta ante la Uni\u00f3n Europea (UE) por no haber contado con el pa\u00eds en la elaboraci\u00f3n de una declaraci\u00f3n de amenaza a Rusia con nuevas sanciones. En el texto publicado la v\u00edspera, los l\u00edderes de la UE culpan a Mosc\u00fa del aumento [&hellip;]<\/p>\n","protected":false},"author":3,"featured_media":0,"comment_status":"open","ping_status":"open","sticky":false,"template":"","format":"standard","meta":{"footnotes":""},"categories":[23],"tags":[],"class_list":["post-255427","post","type-post","status-publish","format-standard","hentry","category-internacional"],"_links":{"self":[{"href":"https:\/\/diariodominicano.com\/index.php?rest_route=\/wp\/v2\/posts\/255427","targetHints":{"allow":["GET"]}}],"collection":[{"href":"https:\/\/diariodominicano.com\/index.php?rest_route=\/wp\/v2\/posts"}],"about":[{"href":"https:\/\/diariodominicano.com\/index.php?rest_route=\/wp\/v2\/types\/post"}],"author":[{"embeddable":true,"href":"https:\/\/diariodominicano.com\/index.php?rest_route=\/wp\/v2\/users\/3"}],"replies":[{"embeddable":true,"href":"https:\/\/diariodominicano.com\/index.php?rest_route=%2Fwp%2Fv2%2Fcomments&post=255427"}],"version-history":[{"count":0,"href":"https:\/\/diariodominicano.com\/index.php?rest_route=\/wp\/v2\/posts\/255427\/revisions"}],"wp:attachment":[{"href":"https:\/\/diariodominicano.com\/index.php?rest_route=%2Fwp%2Fv2%2Fmedia&parent=255427"}],"wp:term":[{"taxonomy":"category","embeddable":true,"href":"https:\/\/diariodominicano.com\/index.php?rest_route=%2Fwp%2Fv2%2Fcategories&post=255427"},{"taxonomy":"post_tag","embeddable":true,"href":"https:\/\/diariodominicano.com\/index.php?rest_route=%2Fwp%2Fv2%2Ftags&post=255427"}],"curies":[{"name":"wp","href":"https:\/\/api.w.org\/{rel}","templated":true}]}}