{"id":255426,"date":"2015-01-28T14:28:38","date_gmt":"2015-01-28T14:28:38","guid":{"rendered":"http:\/\/diariodominicano.ddns.net\/?p=255426"},"modified":"2015-01-28T14:28:38","modified_gmt":"2015-01-28T14:28:38","slug":"comite-de-onu-contra-desapariciones-forzadas-revisara-a-mexico","status":"publish","type":"post","link":"https:\/\/diariodominicano.com\/?p=255426","title":{"rendered":"&#13;&#13;&#13;&#13;Comit\u00e9 de ONU contra desapariciones forzadas revisar\u00e1 a M\u00e9xico"},"content":{"rendered":"<p><body><\/p>\n<p><img decoding=\"async\" src=\"img3\/desaparecidos.jpg\" \/>  <\/p>\n<p><span class=\"text1noticias\">\t\t<\/span><\/p>\n<p><span class=\"text1noticias\">  <\/span><\/p>\n<\/p>\n<p><span class=\"text1noticias\">Naciones Unidas, 28 ene (PL) El Comit\u00e9 de Naciones Unidas contra las Desapariciones Forzadas (CED) inform\u00f3 hoy que el pr\u00f3ximo mes revisar\u00e1 la situaci\u00f3n de M\u00e9xico, uno de los 44 Estados que ratificaron la Convenci\u00f3n para proteger a las personas de ese crimen.<\/span><\/p>\n<\/p>\n<p><span class=\"text1noticias\">Seg\u00fan una nota de prensa, el \u00f3rgano compuesto por 10 expertos independientes en derechos humanos se reunir\u00e1 en Ginebra, Suiza, del 2 al 13 de febrero, y analizar\u00e1 a M\u00e9xico en sus dos primeros d\u00edas de sesiones.<\/span><\/p>\n<\/p>\n<p><span class=\"text1noticias\">Sostendremos un di\u00e1logo constructivo con la delegaci\u00f3n gubernamental de ese pa\u00eds, que est\u00e1 obligado a presentar un informe para la revisi\u00f3n del Comit\u00e9, luego de ratificar la Convenci\u00f3n, vigente desde 2010, precis\u00f3.<\/span><\/p>\n<\/p>\n<p><span class=\"text1noticias\">Tambi\u00e9n Armenia y Serbia ser\u00e1n sometidas a la consideraci\u00f3n del CED, que publicar\u00e1 sus conclusiones el 13 de febrero.<\/span><\/p>\n<\/p>\n<p><span class=\"text1noticias\">La revisi\u00f3n tendr\u00e1 lugar en un complejo contexto para M\u00e9xico, por el caso de los 43 estudiantes de Ayotzinapa, quienes desaparecieron en septiembre pasado en esa localidad del estado de Guerrero, y al parecer fueron asesinados e incinerados.<\/span><\/p>\n<\/p>\n<p><span class=\"text1noticias\">Familiares de las v\u00edctimas anunciaron hoy que acudir\u00e1n al CED para denunciar los hechos violentos de Iguala.<\/span><\/p>\n<\/p>\n<h6> 2015-01-28 14:28:38 <\/h6>\n<p><!--\n<link rel=\"stylesheet\" href=\"css\/bootstrap.min.css\">\n\n\n<ul class=\"pagination\">\n\t    \n\t\n\n<li >\n\t<a href='?page_no=25070'>Previous<\/a>\n\t<\/li>\n\n\n       \n    \n\n<li><a href='?page_no=1'>1<\/a><\/li>\n\n\n\n<li><a href='?page_no=2'>2<\/a><\/li>\n\n\n\n<li><a>...<\/a><\/li>\n\n\n\n<li><a href='?page_no=25069'>25069<\/a><\/li>\n\n\n\n<li><a href='?page_no=25070'>25070<\/a><\/li>\n\n\n\n<li class='active'><a>25071<\/a><\/li>\n\n\n\n<li><a href='?page_no=25072'>25072<\/a><\/li>\n\n\n\n<li><a href='?page_no=25073'>25073<\/a><\/li>\n\n\n\n<li><a>...<\/a><\/li>\n\n\n\n<li><a href='?page_no=51012'>51012<\/a><\/li>\n\n\n\n<li><a href='?page_no=51013'>51013<\/a><\/li>\n\n    \n\t\n\n<li >\n\t<a href='?page_no=25072'>Next<\/a>\n\t<\/li>\n\n\n    \n\n<li><a href='?page_no=51013'>Last &rsaquo;&rsaquo;<\/a><\/li>\n\n<\/ul>\n\n\n--><br \/>\n<\/body><\/p>\n","protected":false},"excerpt":{"rendered":"<p>Naciones Unidas, 28 ene (PL) El Comit\u00e9 de Naciones Unidas contra las Desapariciones Forzadas (CED) inform\u00f3 hoy que el pr\u00f3ximo mes revisar\u00e1 la situaci\u00f3n de M\u00e9xico, uno de los 44 Estados que ratificaron la Convenci\u00f3n para proteger a las personas de ese crimen. Seg\u00fan una nota de prensa, el \u00f3rgano compuesto por 10 expertos independientes [&hellip;]<\/p>\n","protected":false},"author":3,"featured_media":0,"comment_status":"open","ping_status":"open","sticky":false,"template":"","format":"standard","meta":{"footnotes":""},"categories":[23],"tags":[],"class_list":["post-255426","post","type-post","status-publish","format-standard","hentry","category-internacional"],"_links":{"self":[{"href":"https:\/\/diariodominicano.com\/index.php?rest_route=\/wp\/v2\/posts\/255426","targetHints":{"allow":["GET"]}}],"collection":[{"href":"https:\/\/diariodominicano.com\/index.php?rest_route=\/wp\/v2\/posts"}],"about":[{"href":"https:\/\/diariodominicano.com\/index.php?rest_route=\/wp\/v2\/types\/post"}],"author":[{"embeddable":true,"href":"https:\/\/diariodominicano.com\/index.php?rest_route=\/wp\/v2\/users\/3"}],"replies":[{"embeddable":true,"href":"https:\/\/diariodominicano.com\/index.php?rest_route=%2Fwp%2Fv2%2Fcomments&post=255426"}],"version-history":[{"count":0,"href":"https:\/\/diariodominicano.com\/index.php?rest_route=\/wp\/v2\/posts\/255426\/revisions"}],"wp:attachment":[{"href":"https:\/\/diariodominicano.com\/index.php?rest_route=%2Fwp%2Fv2%2Fmedia&parent=255426"}],"wp:term":[{"taxonomy":"category","embeddable":true,"href":"https:\/\/diariodominicano.com\/index.php?rest_route=%2Fwp%2Fv2%2Fcategories&post=255426"},{"taxonomy":"post_tag","embeddable":true,"href":"https:\/\/diariodominicano.com\/index.php?rest_route=%2Fwp%2Fv2%2Ftags&post=255426"}],"curies":[{"name":"wp","href":"https:\/\/api.w.org\/{rel}","templated":true}]}}