{"id":255425,"date":"2015-01-28T16:54:07","date_gmt":"2015-01-28T16:54:07","guid":{"rendered":"http:\/\/diariodominicano.ddns.net\/?p=255425"},"modified":"2015-01-28T16:54:07","modified_gmt":"2015-01-28T16:54:07","slug":"raul-castro-el-restablecimiento-de-relaciones-no-sera-posible-mientras-exista-bloqueo","status":"publish","type":"post","link":"https:\/\/diariodominicano.com\/?p=255425","title":{"rendered":"Ra\u00fal Castro: \u00abEl restablecimiento de relaciones no ser\u00e1 posible mientras exista bloqueo\u00bb"},"content":{"rendered":"<p><body><\/p>\n<p><img decoding=\"async\" src=\"img3\/raul.png\" \/>  <\/p>\n<p><span class=\"text1noticias\">   SAN JOSE, 28 ene (Xinhua) -El presidente de Cuba, Ra\u00fal Castro asegur\u00f3 que el restablecimiento de relaciones de su pa\u00eds con Estados Unidos s\u00f3lo ser\u00e1 posible si se elimina el bloqueo comercial impuesto por los estadounidenses.<\/span><\/p>\n<\/p>\n<p><span class=\"text1noticias\">     Castro habl\u00f3 por casi 40 minutos en la tercera Cumbre de la Comunidad de Estados Latinoamericanos y Caribe\u00f1os (CELAC) que se realiza en Costa Rica, con la presencia de representantes y presidentes de 33 pa\u00edses del continente.<\/span><\/p>\n<\/p>\n<p><span class=\"text1noticias\">    El mandatario cubano habl\u00f3 de las condiciones para continuar la normalizaci\u00f3n de las relaciones con Estados Unidos que inici\u00f3 el pasado mes de diciembre.<\/span><\/p>\n<\/p>\n<p><span class=\"text1noticias\">     El mandatario cubano dijo que la normalizaci\u00f3n de las relaciones con Estados Unidos \u00abno ser\u00e1 posible mientras exista el bloqueo\u00bb y reclam\u00f3 otras acciones estadounidenses como el no haber cerrado la base de Guant\u00e1namo y los intentos de desestabilizar a su poblaci\u00f3n.<\/span><\/p>\n<\/p>\n<p><span class=\"text1noticias\">     Para Castro, Estados Unidos tiene claro el fracaso que ha representado su pol\u00edtica de bloqueo durante los \u00faltimos 50 a\u00f1os y asegur\u00f3 que los acercamientos con Estados Unidos han sido posibles porque se han dado en un marco de \u00abigualdad y respeto\u00bb.<\/span><\/p>\n<\/p>\n<p><span class=\"text1noticias\">     Castro tambi\u00e9n \u00abinvit\u00f3\u00bb al presidente estadounidense a usar sus facultades ejecutivas para desactivar el bloqueo comercial, pese a las trabas que encuentra para esto entre los congresistas de su pa\u00eds.<\/span> Fin<\/p>\n<h6> 2015-01-28 16:54:07 <\/h6>\n<p><!--\n<link rel=\"stylesheet\" href=\"css\/bootstrap.min.css\">\n\n\n<ul class=\"pagination\">\n\t    \n\t\n\n<li >\n\t<a href='?page_no=25069'>Previous<\/a>\n\t<\/li>\n\n\n       \n    \n\n<li><a href='?page_no=1'>1<\/a><\/li>\n\n\n\n<li><a href='?page_no=2'>2<\/a><\/li>\n\n\n\n<li><a>...<\/a><\/li>\n\n\n\n<li><a href='?page_no=25068'>25068<\/a><\/li>\n\n\n\n<li><a href='?page_no=25069'>25069<\/a><\/li>\n\n\n\n<li class='active'><a>25070<\/a><\/li>\n\n\n\n<li><a href='?page_no=25071'>25071<\/a><\/li>\n\n\n\n<li><a href='?page_no=25072'>25072<\/a><\/li>\n\n\n\n<li><a>...<\/a><\/li>\n\n\n\n<li><a href='?page_no=51012'>51012<\/a><\/li>\n\n\n\n<li><a href='?page_no=51013'>51013<\/a><\/li>\n\n    \n\t\n\n<li >\n\t<a href='?page_no=25071'>Next<\/a>\n\t<\/li>\n\n\n    \n\n<li><a href='?page_no=51013'>Last &rsaquo;&rsaquo;<\/a><\/li>\n\n<\/ul>\n\n\n--><br \/>\n<\/body><\/p>\n","protected":false},"excerpt":{"rendered":"<p>SAN JOSE, 28 ene (Xinhua) -El presidente de Cuba, Ra\u00fal Castro asegur\u00f3 que el restablecimiento de relaciones de su pa\u00eds con Estados Unidos s\u00f3lo ser\u00e1 posible si se elimina el bloqueo comercial impuesto por los estadounidenses. Castro habl\u00f3 por casi 40 minutos en la tercera Cumbre de la Comunidad de Estados Latinoamericanos y Caribe\u00f1os (CELAC) [&hellip;]<\/p>\n","protected":false},"author":3,"featured_media":0,"comment_status":"open","ping_status":"open","sticky":false,"template":"","format":"standard","meta":{"footnotes":""},"categories":[23],"tags":[],"class_list":["post-255425","post","type-post","status-publish","format-standard","hentry","category-internacional"],"_links":{"self":[{"href":"https:\/\/diariodominicano.com\/index.php?rest_route=\/wp\/v2\/posts\/255425","targetHints":{"allow":["GET"]}}],"collection":[{"href":"https:\/\/diariodominicano.com\/index.php?rest_route=\/wp\/v2\/posts"}],"about":[{"href":"https:\/\/diariodominicano.com\/index.php?rest_route=\/wp\/v2\/types\/post"}],"author":[{"embeddable":true,"href":"https:\/\/diariodominicano.com\/index.php?rest_route=\/wp\/v2\/users\/3"}],"replies":[{"embeddable":true,"href":"https:\/\/diariodominicano.com\/index.php?rest_route=%2Fwp%2Fv2%2Fcomments&post=255425"}],"version-history":[{"count":0,"href":"https:\/\/diariodominicano.com\/index.php?rest_route=\/wp\/v2\/posts\/255425\/revisions"}],"wp:attachment":[{"href":"https:\/\/diariodominicano.com\/index.php?rest_route=%2Fwp%2Fv2%2Fmedia&parent=255425"}],"wp:term":[{"taxonomy":"category","embeddable":true,"href":"https:\/\/diariodominicano.com\/index.php?rest_route=%2Fwp%2Fv2%2Fcategories&post=255425"},{"taxonomy":"post_tag","embeddable":true,"href":"https:\/\/diariodominicano.com\/index.php?rest_route=%2Fwp%2Fv2%2Ftags&post=255425"}],"curies":[{"name":"wp","href":"https:\/\/api.w.org\/{rel}","templated":true}]}}