{"id":255424,"date":"2015-01-28T23:42:01","date_gmt":"2015-01-28T23:42:01","guid":{"rendered":"http:\/\/diariodominicano.ddns.net\/?p=255424"},"modified":"2015-01-28T23:42:01","modified_gmt":"2015-01-28T23:42:01","slug":"eduardo-selman-nuevo-consul-en-nueva-york-toma-posesion","status":"publish","type":"post","link":"https:\/\/diariodominicano.com\/?p=255424","title":{"rendered":"Eduardo Selman nuevo c\u00f3nsul en Nueva York toma posesi\u00f3n"},"content":{"rendered":"<p><body><\/p>\n<p><img decoding=\"async\" src=\"img3\/selman 2.jpg\" \/>  <\/p>\n<p>Nueva York 29 enero.- El  arquitecto Eduardo Selman tom\u00f3 posesi\u00f3n como nuevo c\u00f3nsul general de la Rep\u00fablica Dominicana durante una ceremonia este mi\u00e9rcoles.<\/p>\n<\/p>\n<p>De inmediato declar\u00f3 que durante su gesti\u00f3n continuar\u00e1 haciendo bien las cosas que redundan en beneficio de la comunidad dominicana en el exterior.<\/p>\n<\/p>\n<p>El  acto fue celebrado en el sal\u00f3n principal de la dependencia consular, con la asistencia del licenciado Luis Lithgow, representante del Gobierno del presidente Danilo Medina y presidente de la Junta del Plan de Alfabetizaci\u00f3n Quisqueya Aprende Contigo\/NY.<\/p>\n<\/p>\n<p>El nuevo c\u00f3nsul dijo que su administraci\u00f3n seguir\u00e1 la pol\u00edtica de ofrecer protecci\u00f3n no solo a los dominicanos residentes en Nueva York, Nueva Jersey, Pennsylvania y Connecticut, estados bajo su jurisdicci\u00f3n consular, sino tambi\u00e9n a todos los dominicanos que viven en los Estados Unidos y que acudan a su despacho en procura de ser atendidos.<\/p>\n<\/p>\n<p>\u00abMi prop\u00f3sito es simplemente continuar lo que se est\u00e1 haciendo bien para sustituir lo que se hac\u00eda mal\u00bb, dijo Selman al puntualizar que en ese sentido hac\u00eda referencia a lo que ha expresado el presidente Medina.<\/p>\n<\/p>\n<p>Manifest\u00f3 que las puertas del Consulado estar\u00e1n abiertas para todos los sectores con el objetivo de seguir ofreciendo servicios con eficiencia, prontitud y excelente calidad a la comunidad dominicana y a extranjeros que requieran de los mismos.<\/p>\n<\/p>\n<p>Selman, quien fue designado c\u00f3nsul general en Nueva York por el presidente Medina el pasado viernes 23 de enero mediante el decreto 4-15, dijo que la comunidad dominicana en el exterior ha hecho importantes aportes a la econom\u00eda del pa\u00eds, contribuyendo con su desarrollo, por lo que siente la satisfacci\u00f3n de poder servirle desde el Consulado, localizado en el 1501 de la avenida Broadway, en Manhattan.<\/p>\n<\/p>\n<p>Este mi\u00e9rcoles tambi\u00e9n asumi\u00f3 sus funciones   Rom\u00e1n Octavio J\u00e1quez Hern\u00e1ndez, quien fue designado vicec\u00f3nsul .<\/p>\n<\/p>\n<p>Por su parte, Lithgow dio la bienvenida a Selman, de quien destac\u00f3 sus cualidades humanas y su trascendencia pol\u00edtica y gerencial en los cargos que ha desempe\u00f1ado en el Estado dominicano, principalmente en los gobiernos del Partido de la Liberaci\u00f3n Dominicana (PLD), de cuyo Comit\u00e9 Pol\u00edtico es miembro.<\/p>\n<\/p>\n<p>Selman ha desempe\u00f1ado funciones como secretario T\u00e9cnico de la Presidencia, director de la desaparecida Corporaci\u00f3n Dominicana de Empresas Estatales (CORDE) y asistente especial del Presidente de la Rep\u00fablica, con rango de Secretario de Estado.<\/p>\n<\/p>\n<h6> 2015-01-28 23:42:01 <\/h6>\n<p><!--\n<link rel=\"stylesheet\" href=\"css\/bootstrap.min.css\">\n\n\n<ul class=\"pagination\">\n\t    \n\t\n\n<li >\n\t<a href='?page_no=25068'>Previous<\/a>\n\t<\/li>\n\n\n       \n    \n\n<li><a href='?page_no=1'>1<\/a><\/li>\n\n\n\n<li><a href='?page_no=2'>2<\/a><\/li>\n\n\n\n<li><a>...<\/a><\/li>\n\n\n\n<li><a href='?page_no=25067'>25067<\/a><\/li>\n\n\n\n<li><a href='?page_no=25068'>25068<\/a><\/li>\n\n\n\n<li class='active'><a>25069<\/a><\/li>\n\n\n\n<li><a href='?page_no=25070'>25070<\/a><\/li>\n\n\n\n<li><a href='?page_no=25071'>25071<\/a><\/li>\n\n\n\n<li><a>...<\/a><\/li>\n\n\n\n<li><a href='?page_no=51012'>51012<\/a><\/li>\n\n\n\n<li><a href='?page_no=51013'>51013<\/a><\/li>\n\n    \n\t\n\n<li >\n\t<a href='?page_no=25070'>Next<\/a>\n\t<\/li>\n\n\n    \n\n<li><a href='?page_no=51013'>Last &rsaquo;&rsaquo;<\/a><\/li>\n\n<\/ul>\n\n\n--><br \/>\n<\/body><\/p>\n","protected":false},"excerpt":{"rendered":"<p>Nueva York 29 enero.- El arquitecto Eduardo Selman tom\u00f3 posesi\u00f3n como nuevo c\u00f3nsul general de la Rep\u00fablica Dominicana durante una ceremonia este mi\u00e9rcoles. De inmediato declar\u00f3 que durante su gesti\u00f3n continuar\u00e1 haciendo bien las cosas que redundan en beneficio de la comunidad dominicana en el exterior. El acto fue celebrado en el sal\u00f3n principal de [&hellip;]<\/p>\n","protected":false},"author":3,"featured_media":0,"comment_status":"open","ping_status":"open","sticky":false,"template":"","format":"standard","meta":{"footnotes":""},"categories":[23],"tags":[],"class_list":["post-255424","post","type-post","status-publish","format-standard","hentry","category-internacional"],"_links":{"self":[{"href":"https:\/\/diariodominicano.com\/index.php?rest_route=\/wp\/v2\/posts\/255424","targetHints":{"allow":["GET"]}}],"collection":[{"href":"https:\/\/diariodominicano.com\/index.php?rest_route=\/wp\/v2\/posts"}],"about":[{"href":"https:\/\/diariodominicano.com\/index.php?rest_route=\/wp\/v2\/types\/post"}],"author":[{"embeddable":true,"href":"https:\/\/diariodominicano.com\/index.php?rest_route=\/wp\/v2\/users\/3"}],"replies":[{"embeddable":true,"href":"https:\/\/diariodominicano.com\/index.php?rest_route=%2Fwp%2Fv2%2Fcomments&post=255424"}],"version-history":[{"count":0,"href":"https:\/\/diariodominicano.com\/index.php?rest_route=\/wp\/v2\/posts\/255424\/revisions"}],"wp:attachment":[{"href":"https:\/\/diariodominicano.com\/index.php?rest_route=%2Fwp%2Fv2%2Fmedia&parent=255424"}],"wp:term":[{"taxonomy":"category","embeddable":true,"href":"https:\/\/diariodominicano.com\/index.php?rest_route=%2Fwp%2Fv2%2Fcategories&post=255424"},{"taxonomy":"post_tag","embeddable":true,"href":"https:\/\/diariodominicano.com\/index.php?rest_route=%2Fwp%2Fv2%2Ftags&post=255424"}],"curies":[{"name":"wp","href":"https:\/\/api.w.org\/{rel}","templated":true}]}}