{"id":255423,"date":"2015-01-29T13:58:48","date_gmt":"2015-01-29T13:58:48","guid":{"rendered":"http:\/\/diariodominicano.ddns.net\/?p=255423"},"modified":"2015-01-29T13:58:48","modified_gmt":"2015-01-29T13:58:48","slug":"celac-apuesta-por-la-paz-valor-supremo-de-convivencia-universal","status":"publish","type":"post","link":"https:\/\/diariodominicano.com\/?p=255423","title":{"rendered":"&#13;&#13;&#13;&#13;&#13;Celac apuesta por la paz, valor supremo de convivencia universal"},"content":{"rendered":"<p><body><\/p>\n<p><img decoding=\"async\" src=\"img3\/celac12.jpg\" \/>  <\/p>\n<p><span class=\"text1noticias\">\t\t<\/span><\/p>\n<\/p>\n<p><span class=\"text1noticias\">San Jos\u00e9, 29 ene (PL) Los Jefes de Estado y de Gobierno de la Comunidad de Estados Latinoamericanos y Caribe\u00f1os (Celac) ratificaron hoy a la regi\u00f3n como \u00abZona de Paz\u00bb, totalmente libre de armas nucleares.<\/span><\/p>\n<\/p>\n<p><span class=\"text1noticias\">La declaraci\u00f3n final de la III Cumbre de la Celac reconoci\u00f3 a la paz como un valor supremo de la convivencia universal y patentiz\u00f3 el compromiso permanente con el desarme nuclear y la proscripci\u00f3n de las armas de destrucci\u00f3n masiva.<\/span><\/p>\n<\/p>\n<p><span class=\"text1noticias\">Los dirigentes reconocieron tambi\u00e9n su responsabilidad para con el bienestar de la regi\u00f3n y el desarrollo sostenible, y certificaron su decisi\u00f3n de luchar por la paz, el Estado de Derecho, la justicia, la educaci\u00f3n y los derechos humanos.<\/span><\/p>\n<\/p>\n<p><span class=\"text1noticias\">Entre los principales compromisos asumidos por los mandatarios aparecen, adem\u00e1s, el apoyo al multilateralismo, la prohibici\u00f3n del uso y de la amenaza del uso de la fuerza y el respeto irrestricto a la independencia y a la autodeterminaci\u00f3n de los pueblos.<\/span><\/p>\n<\/p>\n<p><span class=\"text1noticias\">Asimismo, la Celac expres\u00f3 su categ\u00f3rico rechazo al terrorismo en todas sus formas y manifestaciones porque atenta contra la dignidad humana, la convivencia pac\u00edfica y civilizada.<\/span><\/p>\n<\/p>\n<p><span class=\"text1noticias\">En el documento final, los Jefes de Estado y de Gobierno se\u00f1alaron que el crimen organizado es una amenaza importante a las democracias y el desarrollo y se comprometieron a hacer todos los esfuerzos para controlar y erradicar este flagelo.<\/span><\/p>\n<\/p>\n<p><span class=\"text1noticias\">La Celac luchar\u00e1 hasta el cansancio para lograr que el territorio latinoamericano y caribe\u00f1o no s\u00f3lo sea una zona de paz sino una regi\u00f3n libre de violencia, precisa la declaraci\u00f3n.<\/span><\/p>\n<\/p>\n<p><span class=\"text1noticias\">Esta III Cumbre de la Celac se desarroll\u00f3 entre ayer y hoy en la ciudad costarricense de Bel\u00e9n, con la presencia de jefes de Estado y Gobierno y otros representantes de 33 naciones de la regi\u00f3n.<\/span><\/p>\n<\/p>\n<h6> 2015-01-29 13:58:48 <\/h6>\n<p><!--\n<link rel=\"stylesheet\" href=\"css\/bootstrap.min.css\">\n\n\n<ul class=\"pagination\">\n\t    \n\t\n\n<li >\n\t<a href='?page_no=25067'>Previous<\/a>\n\t<\/li>\n\n\n       \n    \n\n<li><a href='?page_no=1'>1<\/a><\/li>\n\n\n\n<li><a href='?page_no=2'>2<\/a><\/li>\n\n\n\n<li><a>...<\/a><\/li>\n\n\n\n<li><a href='?page_no=25066'>25066<\/a><\/li>\n\n\n\n<li><a href='?page_no=25067'>25067<\/a><\/li>\n\n\n\n<li class='active'><a>25068<\/a><\/li>\n\n\n\n<li><a href='?page_no=25069'>25069<\/a><\/li>\n\n\n\n<li><a href='?page_no=25070'>25070<\/a><\/li>\n\n\n\n<li><a>...<\/a><\/li>\n\n\n\n<li><a href='?page_no=51012'>51012<\/a><\/li>\n\n\n\n<li><a href='?page_no=51013'>51013<\/a><\/li>\n\n    \n\t\n\n<li >\n\t<a href='?page_no=25069'>Next<\/a>\n\t<\/li>\n\n\n    \n\n<li><a href='?page_no=51013'>Last &rsaquo;&rsaquo;<\/a><\/li>\n\n<\/ul>\n\n\n--><br \/>\n<\/body><\/p>\n","protected":false},"excerpt":{"rendered":"<p>San Jos\u00e9, 29 ene (PL) Los Jefes de Estado y de Gobierno de la Comunidad de Estados Latinoamericanos y Caribe\u00f1os (Celac) ratificaron hoy a la regi\u00f3n como \u00abZona de Paz\u00bb, totalmente libre de armas nucleares. La declaraci\u00f3n final de la III Cumbre de la Celac reconoci\u00f3 a la paz como un valor supremo de la [&hellip;]<\/p>\n","protected":false},"author":3,"featured_media":0,"comment_status":"open","ping_status":"open","sticky":false,"template":"","format":"standard","meta":{"footnotes":""},"categories":[23],"tags":[],"class_list":["post-255423","post","type-post","status-publish","format-standard","hentry","category-internacional"],"_links":{"self":[{"href":"https:\/\/diariodominicano.com\/index.php?rest_route=\/wp\/v2\/posts\/255423","targetHints":{"allow":["GET"]}}],"collection":[{"href":"https:\/\/diariodominicano.com\/index.php?rest_route=\/wp\/v2\/posts"}],"about":[{"href":"https:\/\/diariodominicano.com\/index.php?rest_route=\/wp\/v2\/types\/post"}],"author":[{"embeddable":true,"href":"https:\/\/diariodominicano.com\/index.php?rest_route=\/wp\/v2\/users\/3"}],"replies":[{"embeddable":true,"href":"https:\/\/diariodominicano.com\/index.php?rest_route=%2Fwp%2Fv2%2Fcomments&post=255423"}],"version-history":[{"count":0,"href":"https:\/\/diariodominicano.com\/index.php?rest_route=\/wp\/v2\/posts\/255423\/revisions"}],"wp:attachment":[{"href":"https:\/\/diariodominicano.com\/index.php?rest_route=%2Fwp%2Fv2%2Fmedia&parent=255423"}],"wp:term":[{"taxonomy":"category","embeddable":true,"href":"https:\/\/diariodominicano.com\/index.php?rest_route=%2Fwp%2Fv2%2Fcategories&post=255423"},{"taxonomy":"post_tag","embeddable":true,"href":"https:\/\/diariodominicano.com\/index.php?rest_route=%2Fwp%2Fv2%2Ftags&post=255423"}],"curies":[{"name":"wp","href":"https:\/\/api.w.org\/{rel}","templated":true}]}}