{"id":255408,"date":"2015-01-30T15:00:38","date_gmt":"2015-01-30T15:00:38","guid":{"rendered":"http:\/\/diariodominicano.ddns.net\/?p=255408"},"modified":"2015-01-30T15:00:38","modified_gmt":"2015-01-30T15:00:38","slug":"ejercito-egipcio-lanza-mas-medios-belicos-al-sinai-contra-islamistas","status":"publish","type":"post","link":"https:\/\/diariodominicano.com\/?p=255408","title":{"rendered":"&#13;Ej\u00e9rcito egipcio lanza m\u00e1s medios b\u00e9licos al Sina\u00ed contra islamistas"},"content":{"rendered":"<p><body><\/p>\n<p><img decoding=\"async\" src=\"img3\/egipto.jpg\" \/>  <\/p>\n<p><span class=\"text1noticias\"> <\/span><\/p>\n<p><span class=\"text1noticias\"> <\/span><\/p>\n<p><span class=\"text1noticias\">  <\/span><\/p>\n<\/p>\n<p><span class=\"text1noticias\">El Cairo, 30 ene (PL) El Ej\u00e9rcito egipcio lanz\u00f3 hoy helic\u00f3pteros y drones al combate contra los grupos islamistas en el Sina\u00ed, noreste, horas despu\u00e9s de un letal ataque que caus\u00f3 decenas de muertos.<\/span><\/p>\n<\/p>\n<p><span class=\"text1noticias\">El anuncio sigue a una reuni\u00f3n del Consejo Supremo de las Fuerzas Armadas (CSFA), convocada de urgencia para discutir y analizar los ataques en la des\u00e9rtica pen\u00ednsula, seguidos de un atentado dinamitero en la ciudad septentrional de Suez y a cinco d\u00edas de los disturbios del domingo pasado.<\/span><\/p>\n<\/p>\n<p><span class=\"text1noticias\">Las fuentes oficiales cifran en \u00abpor lo menos 30 muertos y m\u00e1s de medio centenar de heridos\u00bb las bajas por un bombardeo con obuses contra el cuartel general de las fuerzas de seguridad e otras instalaciones aleda\u00f1as, incluido un dep\u00f3sito de proyectiles de artiller\u00eda.<\/span><\/p>\n<\/p>\n<p><span class=\"text1noticias\">El c\u00f3mputo no puede ser verificado de manera independiente porque el escenario del ataque es zona restringida en la que rige un toque de queda y el acceso a la prensa est\u00e1 vedado de manera impl\u00edcita.<\/span><\/p>\n<\/p>\n<p><span class=\"text1noticias\">Los ataques fueron reivindicados a trav\u00e9s de Internet por Wilayat Sina\u00ed, nombre adoptado por el grupo insurgente Ansar Beit Al Maqdis tras jurar lealtad al movimiento Estado Isl\u00e1mico en octubre \u00faltimo.<\/span><\/p>\n<\/p>\n<p><span class=\"text1noticias\">Las ofensivas del Ej\u00e9rcito contra el terrorismo, apoyadas por la Polic\u00eda y respaldadas por el pueblo continuar\u00e1n y se intensificar\u00e1n en la pen\u00ednsula y todo el pa\u00eds, dice el comunicado del CSFA.<\/span><\/p>\n<\/p>\n<p><span class=\"text1noticias\">En las operaciones en el norte del Sina\u00ed participan helic\u00f3pteros Apache y aviones no tripulados, precisaron medios oficiales que citan fuentes de seguridad an\u00f3nimas.<\/span><\/p>\n<\/p>\n<p><span class=\"text1noticias\">La magnitud del ataque y su audacia impelieron al presidente egipcio, Abdel Fattah El Sisi, a interrumpir su asistencia a la XXIV Cumbre de la Uni\u00f3n Africana en Addis Abeba, donde planeaba examinar con el presidente Mulatu Teshome el diferendo por la s\u00faper presa Renacimiento.<\/span><\/p>\n<\/p>\n<p><span class=\"text1noticias\">De su lado, el primer ministro Ibrahim Mahlab inst\u00f3 a \u00abpa\u00edses y organizaciones de derechos humanos a registrar y testimoniar los esfuerzos de Egipto contra el terrorismo para defender el mundo\u00bb.<\/span><\/p>\n<\/p>\n<p><span class=\"text1noticias\">La formulaci\u00f3n es una respuesta impl\u00edcita a cr\u00edticas de pa\u00edses y ONGs a lo que describieron como excesivo uso de la fuerza por la Polic\u00eda egipcia durante los disturbios del domingo pasado que dejaron 23 muertos, 97 heridos y 516 detenidos.<\/span><\/p>\n<\/p>\n<h6> 2015-01-30 15:00:38 <\/h6>\n<p><!--\n<link rel=\"stylesheet\" href=\"css\/bootstrap.min.css\">\n\n\n<ul class=\"pagination\">\n\t    \n\t\n\n<li >\n\t<a href='?page_no=25052'>Previous<\/a>\n\t<\/li>\n\n\n       \n    \n\n<li><a href='?page_no=1'>1<\/a><\/li>\n\n\n\n<li><a href='?page_no=2'>2<\/a><\/li>\n\n\n\n<li><a>...<\/a><\/li>\n\n\n\n<li><a href='?page_no=25051'>25051<\/a><\/li>\n\n\n\n<li><a href='?page_no=25052'>25052<\/a><\/li>\n\n\n\n<li class='active'><a>25053<\/a><\/li>\n\n\n\n<li><a href='?page_no=25054'>25054<\/a><\/li>\n\n\n\n<li><a href='?page_no=25055'>25055<\/a><\/li>\n\n\n\n<li><a>...<\/a><\/li>\n\n\n\n<li><a href='?page_no=51012'>51012<\/a><\/li>\n\n\n\n<li><a href='?page_no=51013'>51013<\/a><\/li>\n\n    \n\t\n\n<li >\n\t<a href='?page_no=25054'>Next<\/a>\n\t<\/li>\n\n\n    \n\n<li><a href='?page_no=51013'>Last &rsaquo;&rsaquo;<\/a><\/li>\n\n<\/ul>\n\n\n--><br \/>\n<\/body><\/p>\n","protected":false},"excerpt":{"rendered":"<p>El Cairo, 30 ene (PL) El Ej\u00e9rcito egipcio lanz\u00f3 hoy helic\u00f3pteros y drones al combate contra los grupos islamistas en el Sina\u00ed, noreste, horas despu\u00e9s de un letal ataque que caus\u00f3 decenas de muertos. El anuncio sigue a una reuni\u00f3n del Consejo Supremo de las Fuerzas Armadas (CSFA), convocada de urgencia para discutir y analizar [&hellip;]<\/p>\n","protected":false},"author":3,"featured_media":0,"comment_status":"open","ping_status":"open","sticky":false,"template":"","format":"standard","meta":{"footnotes":""},"categories":[23],"tags":[],"class_list":["post-255408","post","type-post","status-publish","format-standard","hentry","category-internacional"],"_links":{"self":[{"href":"https:\/\/diariodominicano.com\/index.php?rest_route=\/wp\/v2\/posts\/255408","targetHints":{"allow":["GET"]}}],"collection":[{"href":"https:\/\/diariodominicano.com\/index.php?rest_route=\/wp\/v2\/posts"}],"about":[{"href":"https:\/\/diariodominicano.com\/index.php?rest_route=\/wp\/v2\/types\/post"}],"author":[{"embeddable":true,"href":"https:\/\/diariodominicano.com\/index.php?rest_route=\/wp\/v2\/users\/3"}],"replies":[{"embeddable":true,"href":"https:\/\/diariodominicano.com\/index.php?rest_route=%2Fwp%2Fv2%2Fcomments&post=255408"}],"version-history":[{"count":0,"href":"https:\/\/diariodominicano.com\/index.php?rest_route=\/wp\/v2\/posts\/255408\/revisions"}],"wp:attachment":[{"href":"https:\/\/diariodominicano.com\/index.php?rest_route=%2Fwp%2Fv2%2Fmedia&parent=255408"}],"wp:term":[{"taxonomy":"category","embeddable":true,"href":"https:\/\/diariodominicano.com\/index.php?rest_route=%2Fwp%2Fv2%2Fcategories&post=255408"},{"taxonomy":"post_tag","embeddable":true,"href":"https:\/\/diariodominicano.com\/index.php?rest_route=%2Fwp%2Fv2%2Ftags&post=255408"}],"curies":[{"name":"wp","href":"https:\/\/api.w.org\/{rel}","templated":true}]}}