{"id":255407,"date":"2015-01-30T15:07:02","date_gmt":"2015-01-30T15:07:02","guid":{"rendered":"http:\/\/diariodominicano.ddns.net\/?p=255407"},"modified":"2015-01-30T15:07:02","modified_gmt":"2015-01-30T15:07:02","slug":"hollande-merkel-y-schulz-tratan-tema-europeo-en-francia","status":"publish","type":"post","link":"https:\/\/diariodominicano.com\/?p=255407","title":{"rendered":"&#13;Hollande, Merkel y Schulz tratan tema europeo en Francia"},"content":{"rendered":"<p><body><\/p>\n<p><img decoding=\"async\" src=\"img3\/merkel-schultz-hollande.jpg\" \/>  <\/p>\n<\/p>\n<p><span class=\"text1noticias\"> <\/span><\/p>\n<p><span class=\"text1noticias\">  <\/span><\/p>\n<\/p>\n<p><span class=\"text1noticias\">Estrasburgo, Francia, 30 ene (PL) El presidente franc\u00e9s, Fran\u00e7ois Hollande, la canciller alemana, Angela Merkel, y el presidente del <\/span><\/p>\n<p><span class=\"text1noticias\">Parlamento Europeo, Martin Schulz, se reunir\u00e1n hoy aqu\u00ed para tratar la actualidad europea.<\/span><\/p>\n<\/p>\n<p><span class=\"text1noticias\">Seg\u00fan divulg\u00f3 la Presidencia de la Rep\u00fablica, los tres funcionarios intercambiar\u00e1n durante una cena.<\/span><\/p>\n<\/p>\n<p><span class=\"text1noticias\">Este encuentro, en el que el tema de la deuda griega debe ser uno de los m\u00e1s recurrentes, estaba previsto para principios de enero, pero se pospuso tras los atentados ocurridos en Par\u00eds.<\/span><\/p>\n<\/p>\n<p><span class=\"text1noticias\">A mediados de diciembre \u00faltimo, en la naci\u00f3n gala tuvieron lugar manifestaciones en rechazo a los programas de austeridad aplicados por el Ejecutivo para cumplir sus compromisos con la Uni\u00f3n Europea.<\/span><\/p>\n<\/p>\n<p><span class=\"text1noticias\">El Proyecto de Ley de Finanzas para 2015, prev\u00e9 recortes por m\u00e1s de 21 mil millones de euros de aqu\u00ed a 2017.<\/span><\/p>\n<\/p>\n<p><span class=\"text1noticias\">En el sector sanitario, por ejemplo, los recortes presupuestarios decididos por el gobierno ascender\u00e1n a dos mil millones de euros, una medida denunciada por los m\u00e9dicos.<\/span><\/p>\n<h6> 2015-01-30 15:07:02 <\/h6>\n<p><!--\n<link rel=\"stylesheet\" href=\"css\/bootstrap.min.css\">\n\n\n<ul class=\"pagination\">\n\t    \n\t\n\n<li >\n\t<a href='?page_no=25051'>Previous<\/a>\n\t<\/li>\n\n\n       \n    \n\n<li><a href='?page_no=1'>1<\/a><\/li>\n\n\n\n<li><a href='?page_no=2'>2<\/a><\/li>\n\n\n\n<li><a>...<\/a><\/li>\n\n\n\n<li><a href='?page_no=25050'>25050<\/a><\/li>\n\n\n\n<li><a href='?page_no=25051'>25051<\/a><\/li>\n\n\n\n<li class='active'><a>25052<\/a><\/li>\n\n\n\n<li><a href='?page_no=25053'>25053<\/a><\/li>\n\n\n\n<li><a href='?page_no=25054'>25054<\/a><\/li>\n\n\n\n<li><a>...<\/a><\/li>\n\n\n\n<li><a href='?page_no=51012'>51012<\/a><\/li>\n\n\n\n<li><a href='?page_no=51013'>51013<\/a><\/li>\n\n    \n\t\n\n<li >\n\t<a href='?page_no=25053'>Next<\/a>\n\t<\/li>\n\n\n    \n\n<li><a href='?page_no=51013'>Last &rsaquo;&rsaquo;<\/a><\/li>\n\n<\/ul>\n\n\n--><br \/>\n<\/body><\/p>\n","protected":false},"excerpt":{"rendered":"<p>Estrasburgo, Francia, 30 ene (PL) El presidente franc\u00e9s, Fran\u00e7ois Hollande, la canciller alemana, Angela Merkel, y el presidente del Parlamento Europeo, Martin Schulz, se reunir\u00e1n hoy aqu\u00ed para tratar la actualidad europea. Seg\u00fan divulg\u00f3 la Presidencia de la Rep\u00fablica, los tres funcionarios intercambiar\u00e1n durante una cena. Este encuentro, en el que el tema de la [&hellip;]<\/p>\n","protected":false},"author":3,"featured_media":0,"comment_status":"open","ping_status":"open","sticky":false,"template":"","format":"standard","meta":{"footnotes":""},"categories":[23],"tags":[],"class_list":["post-255407","post","type-post","status-publish","format-standard","hentry","category-internacional"],"_links":{"self":[{"href":"https:\/\/diariodominicano.com\/index.php?rest_route=\/wp\/v2\/posts\/255407","targetHints":{"allow":["GET"]}}],"collection":[{"href":"https:\/\/diariodominicano.com\/index.php?rest_route=\/wp\/v2\/posts"}],"about":[{"href":"https:\/\/diariodominicano.com\/index.php?rest_route=\/wp\/v2\/types\/post"}],"author":[{"embeddable":true,"href":"https:\/\/diariodominicano.com\/index.php?rest_route=\/wp\/v2\/users\/3"}],"replies":[{"embeddable":true,"href":"https:\/\/diariodominicano.com\/index.php?rest_route=%2Fwp%2Fv2%2Fcomments&post=255407"}],"version-history":[{"count":0,"href":"https:\/\/diariodominicano.com\/index.php?rest_route=\/wp\/v2\/posts\/255407\/revisions"}],"wp:attachment":[{"href":"https:\/\/diariodominicano.com\/index.php?rest_route=%2Fwp%2Fv2%2Fmedia&parent=255407"}],"wp:term":[{"taxonomy":"category","embeddable":true,"href":"https:\/\/diariodominicano.com\/index.php?rest_route=%2Fwp%2Fv2%2Fcategories&post=255407"},{"taxonomy":"post_tag","embeddable":true,"href":"https:\/\/diariodominicano.com\/index.php?rest_route=%2Fwp%2Fv2%2Ftags&post=255407"}],"curies":[{"name":"wp","href":"https:\/\/api.w.org\/{rel}","templated":true}]}}