{"id":255405,"date":"2015-01-30T15:27:58","date_gmt":"2015-01-30T15:27:58","guid":{"rendered":"http:\/\/diariodominicano.ddns.net\/?p=255405"},"modified":"2015-01-30T15:27:58","modified_gmt":"2015-01-30T15:27:58","slug":"presidente-egipcio-clama-venganza-por-ataques-en-el-sinai","status":"publish","type":"post","link":"https:\/\/diariodominicano.com\/?p=255405","title":{"rendered":"&#13;Presidente egipcio clama venganza por ataques en el Sina\u00ed"},"content":{"rendered":"<p><body><\/p>\n<p><span class=\"text1noticias\"> <\/span><\/p>\n<p><span class=\"text1noticias\"> <\/span><\/p>\n<\/p>\n<p><span class=\"text1noticias\">El Cairo, 30 ene (PL) Vengaremos a todos aquellos que han muerto por su pa\u00eds, proclam\u00f3 hoy el presidente egipcio, Abdel Fattah El Sisi, seg\u00fan comentarios difundidos por medios oficiales en esta capital.<\/span><\/p>\n<\/p>\n<p><span class=\"text1noticias\">El mandatario suspendi\u00f3 su participaci\u00f3n en la XXIV Cumbre de la Unidad Africana (UA) en Addis Abeba, la capital et\u00edope, al conocer de un bombardeo la v\u00edspera contra unidades militares en el Sina\u00ed, noreste, que dej\u00f3 por lo menos 30 muertos y medio centenar de heridos, entre ellos civiles.<\/span><\/p>\n<\/p>\n<p><span class=\"text1noticias\">Estamos enfrentados a la m\u00e1s fuerte organizaci\u00f3n secreta de los dos \u00faltimos siglos, dijo en alusi\u00f3n que puede ser interpretada como a la Hermandad Musulmana (HM) o a Estado Isl\u00e1mico, movimiento islamista que cuenta con adeptos en este pa\u00eds del norte de Africa.<\/span><\/p>\n<\/p>\n<p><span class=\"text1noticias\">De no haber enfrentado los egipcios a la HM durante el mandato del derrocado presidente Mohamed Morsi, \u00abestar\u00edamos pagando un precio mucho m\u00e1s alto\u00bb, dijo el mandatario en comentarios en la capital et\u00edope difundidos por medios oficiales.<\/span><\/p>\n<\/p>\n<p><span class=\"text1noticias\">Morsi fue derrocado en julio de 2013 por el Ej\u00e9rcito, comandado por El Sisi, a la saz\u00f3n ministro de Defensa, en medio de protestas en demanda de su renuncia y la celebraci\u00f3n de comicios anticipados, y enfrenta varios juicios por delitos pol\u00edticos y econ\u00f3micos.<\/span><\/p>\n<\/p>\n<p><span class=\"text1noticias\">En un hecho separado, el Consejo Supremo de las Fuerzas Armadas anunci\u00f3 hoy el env\u00edo a la pen\u00ednsula del Sina\u00ed de helic\u00f3pteros Apache y aviones robot para una ofensiva m\u00e1s amplia contra los insurgentes islamistas.<\/span><\/p>\n<h6> 2015-01-30 15:27:58 <\/h6>\n<p><!--\n<link rel=\"stylesheet\" href=\"css\/bootstrap.min.css\">\n\n\n<ul class=\"pagination\">\n\t    \n\t\n\n<li >\n\t<a href='?page_no=25049'>Previous<\/a>\n\t<\/li>\n\n\n       \n    \n\n<li><a href='?page_no=1'>1<\/a><\/li>\n\n\n\n<li><a href='?page_no=2'>2<\/a><\/li>\n\n\n\n<li><a>...<\/a><\/li>\n\n\n\n<li><a href='?page_no=25048'>25048<\/a><\/li>\n\n\n\n<li><a href='?page_no=25049'>25049<\/a><\/li>\n\n\n\n<li class='active'><a>25050<\/a><\/li>\n\n\n\n<li><a href='?page_no=25051'>25051<\/a><\/li>\n\n\n\n<li><a href='?page_no=25052'>25052<\/a><\/li>\n\n\n\n<li><a>...<\/a><\/li>\n\n\n\n<li><a href='?page_no=51012'>51012<\/a><\/li>\n\n\n\n<li><a href='?page_no=51013'>51013<\/a><\/li>\n\n    \n\t\n\n<li >\n\t<a href='?page_no=25051'>Next<\/a>\n\t<\/li>\n\n\n    \n\n<li><a href='?page_no=51013'>Last &rsaquo;&rsaquo;<\/a><\/li>\n\n<\/ul>\n\n\n--><br \/>\n<\/body><\/p>\n","protected":false},"excerpt":{"rendered":"<p>El Cairo, 30 ene (PL) Vengaremos a todos aquellos que han muerto por su pa\u00eds, proclam\u00f3 hoy el presidente egipcio, Abdel Fattah El Sisi, seg\u00fan comentarios difundidos por medios oficiales en esta capital. El mandatario suspendi\u00f3 su participaci\u00f3n en la XXIV Cumbre de la Unidad Africana (UA) en Addis Abeba, la capital et\u00edope, al conocer [&hellip;]<\/p>\n","protected":false},"author":3,"featured_media":0,"comment_status":"open","ping_status":"open","sticky":false,"template":"","format":"standard","meta":{"footnotes":""},"categories":[23],"tags":[],"class_list":["post-255405","post","type-post","status-publish","format-standard","hentry","category-internacional"],"_links":{"self":[{"href":"https:\/\/diariodominicano.com\/index.php?rest_route=\/wp\/v2\/posts\/255405","targetHints":{"allow":["GET"]}}],"collection":[{"href":"https:\/\/diariodominicano.com\/index.php?rest_route=\/wp\/v2\/posts"}],"about":[{"href":"https:\/\/diariodominicano.com\/index.php?rest_route=\/wp\/v2\/types\/post"}],"author":[{"embeddable":true,"href":"https:\/\/diariodominicano.com\/index.php?rest_route=\/wp\/v2\/users\/3"}],"replies":[{"embeddable":true,"href":"https:\/\/diariodominicano.com\/index.php?rest_route=%2Fwp%2Fv2%2Fcomments&post=255405"}],"version-history":[{"count":0,"href":"https:\/\/diariodominicano.com\/index.php?rest_route=\/wp\/v2\/posts\/255405\/revisions"}],"wp:attachment":[{"href":"https:\/\/diariodominicano.com\/index.php?rest_route=%2Fwp%2Fv2%2Fmedia&parent=255405"}],"wp:term":[{"taxonomy":"category","embeddable":true,"href":"https:\/\/diariodominicano.com\/index.php?rest_route=%2Fwp%2Fv2%2Fcategories&post=255405"},{"taxonomy":"post_tag","embeddable":true,"href":"https:\/\/diariodominicano.com\/index.php?rest_route=%2Fwp%2Fv2%2Ftags&post=255405"}],"curies":[{"name":"wp","href":"https:\/\/api.w.org\/{rel}","templated":true}]}}