{"id":255404,"date":"2015-01-30T15:32:20","date_gmt":"2015-01-30T15:32:20","guid":{"rendered":"http:\/\/diariodominicano.ddns.net\/?p=255404"},"modified":"2015-01-30T15:32:20","modified_gmt":"2015-01-30T15:32:20","slug":"llaman-a-movilizacion-contra-el-bloqueo-a-cuba-en-sudafrica","status":"publish","type":"post","link":"https:\/\/diariodominicano.com\/?p=255404","title":{"rendered":"&#13;Llaman a movilizaci\u00f3n contra el bloqueo a Cuba en Sud\u00e1frica\t &#13;"},"content":{"rendered":"<p><body><\/p>\n<p><img decoding=\"async\" src=\"img3\/bloqueo2.jpg\" \/>  <\/p>\n<\/p>\n<p>Pretoria, 30 ene (PL) Todo el pueblo africano, y en particular Sud\u00e1frica, deber\u00e1 movilizarse para eliminar el bloqueo de Estados Unidos contra Cuba, como lo hizo por la liberaci\u00f3n de los cinco antiterroristas, afirm\u00f3 hoy Clever Banganayi, dirigente de un grupo solidario.<\/p>\n<\/p>\n<p>Banganayi, vicesecretario de la Asociaci\u00f3n de Amigos de Cuba en Sud\u00e1frica (FOCUS), precis\u00f3 a Prensa Latina que esa es una deuda con la mayor de las Antillas \u00abpor todo lo que hizo por nuestra liberaci\u00f3n contra el (r\u00e9gimen segregacionista) del apartheid\u00bb.<\/p>\n<\/p>\n<p>Banganayi puntualiz\u00f3 que el cerco econ\u00f3mico, comercial y financiero vigente hace m\u00e1s de cinco d\u00e9cadas sobre la isla caribe\u00f1a, es el principal obst\u00e1culo en el camino del restablecimiento de las relaciones entre Estados Unidos y Cuba.<\/p>\n<\/p>\n<p>\u00abHay mucho por hacer este a\u00f1o para trabajar contra el bloqueo\u00bb, especific\u00f3.<\/p>\n<\/p>\n<p>Estudiante en la naci\u00f3n caribe\u00f1a en la d\u00e9cada de los 90, Banganayi confes\u00f3 que fue una experiencia de gran significado personal que le dio una enorme energ\u00eda para la labor de solidaridad con Cuba en Sud\u00e1frica.<\/p>\n<\/p>\n<p>Record\u00f3 que en la actualidad \u00e9l es un profesional, pero nunca lo hubiese so\u00f1ado \u00abcomo una persona que naci\u00f3 en el seno de una familia pobre que no ten\u00eda recursos para mandarme a estudiar en universidades, especialmente en carreras cient\u00edficas\u00bb.<\/p>\n<\/p>\n<p>Todav\u00eda muchos de nuestros j\u00f3venes est\u00e1n form\u00e1ndose en medicina en Cuba y en otras especialidades, por eso para los que estudiamos all\u00ed es nuestro deber estar a su lado siempre, enfatiz\u00f3.<\/p>\n<\/p>\n<p>Como parte de las acciones previstas para este a\u00f1o aqu\u00ed por FOCUS y otras organizaciones, se preparaba un encuentro de solidaridad a favor de los Cinco, pero \u00abellos regresaron ya. Ahora nos gustar\u00eda verlos en Sud\u00e1frica\u00bb, concluy\u00f3 Banganayi.<\/p>\n<h6> 2015-01-30 15:32:20 <\/h6>\n<p><!--\n<link rel=\"stylesheet\" href=\"css\/bootstrap.min.css\">\n\n\n<ul class=\"pagination\">\n\t    \n\t\n\n<li >\n\t<a href='?page_no=25048'>Previous<\/a>\n\t<\/li>\n\n\n       \n    \n\n<li><a href='?page_no=1'>1<\/a><\/li>\n\n\n\n<li><a href='?page_no=2'>2<\/a><\/li>\n\n\n\n<li><a>...<\/a><\/li>\n\n\n\n<li><a href='?page_no=25047'>25047<\/a><\/li>\n\n\n\n<li><a href='?page_no=25048'>25048<\/a><\/li>\n\n\n\n<li class='active'><a>25049<\/a><\/li>\n\n\n\n<li><a href='?page_no=25050'>25050<\/a><\/li>\n\n\n\n<li><a href='?page_no=25051'>25051<\/a><\/li>\n\n\n\n<li><a>...<\/a><\/li>\n\n\n\n<li><a href='?page_no=51012'>51012<\/a><\/li>\n\n\n\n<li><a href='?page_no=51013'>51013<\/a><\/li>\n\n    \n\t\n\n<li >\n\t<a href='?page_no=25050'>Next<\/a>\n\t<\/li>\n\n\n    \n\n<li><a href='?page_no=51013'>Last &rsaquo;&rsaquo;<\/a><\/li>\n\n<\/ul>\n\n\n--><br \/>\n<\/body><\/p>\n","protected":false},"excerpt":{"rendered":"<p>Pretoria, 30 ene (PL) Todo el pueblo africano, y en particular Sud\u00e1frica, deber\u00e1 movilizarse para eliminar el bloqueo de Estados Unidos contra Cuba, como lo hizo por la liberaci\u00f3n de los cinco antiterroristas, afirm\u00f3 hoy Clever Banganayi, dirigente de un grupo solidario. Banganayi, vicesecretario de la Asociaci\u00f3n de Amigos de Cuba en Sud\u00e1frica (FOCUS), precis\u00f3 [&hellip;]<\/p>\n","protected":false},"author":3,"featured_media":0,"comment_status":"open","ping_status":"open","sticky":false,"template":"","format":"standard","meta":{"footnotes":""},"categories":[23],"tags":[],"class_list":["post-255404","post","type-post","status-publish","format-standard","hentry","category-internacional"],"_links":{"self":[{"href":"https:\/\/diariodominicano.com\/index.php?rest_route=\/wp\/v2\/posts\/255404","targetHints":{"allow":["GET"]}}],"collection":[{"href":"https:\/\/diariodominicano.com\/index.php?rest_route=\/wp\/v2\/posts"}],"about":[{"href":"https:\/\/diariodominicano.com\/index.php?rest_route=\/wp\/v2\/types\/post"}],"author":[{"embeddable":true,"href":"https:\/\/diariodominicano.com\/index.php?rest_route=\/wp\/v2\/users\/3"}],"replies":[{"embeddable":true,"href":"https:\/\/diariodominicano.com\/index.php?rest_route=%2Fwp%2Fv2%2Fcomments&post=255404"}],"version-history":[{"count":0,"href":"https:\/\/diariodominicano.com\/index.php?rest_route=\/wp\/v2\/posts\/255404\/revisions"}],"wp:attachment":[{"href":"https:\/\/diariodominicano.com\/index.php?rest_route=%2Fwp%2Fv2%2Fmedia&parent=255404"}],"wp:term":[{"taxonomy":"category","embeddable":true,"href":"https:\/\/diariodominicano.com\/index.php?rest_route=%2Fwp%2Fv2%2Fcategories&post=255404"},{"taxonomy":"post_tag","embeddable":true,"href":"https:\/\/diariodominicano.com\/index.php?rest_route=%2Fwp%2Fv2%2Ftags&post=255404"}],"curies":[{"name":"wp","href":"https:\/\/api.w.org\/{rel}","templated":true}]}}