{"id":255402,"date":"2015-01-31T11:24:02","date_gmt":"2015-01-31T11:24:02","guid":{"rendered":"http:\/\/diariodominicano.ddns.net\/?p=255402"},"modified":"2015-01-31T11:24:02","modified_gmt":"2015-01-31T11:24:02","slug":"ecuador-enviara-un-nuevo-contingente-de-cascos-azules-a-haiti","status":"publish","type":"post","link":"https:\/\/diariodominicano.com\/?p=255402","title":{"rendered":"Ecuador enviar\u00e1 un nuevo contingente de cascos azules a Hait\u00ed"},"content":{"rendered":"<p><body><\/p>\n<p><img decoding=\"async\" src=\"img3\/c asco 3.jpg\" \/>  <\/p>\n<p>Quito, Ecuador 31 enero.- Ecuador enviar\u00e1 un nuevo contingente de cascos azules a Hait\u00ed para continuar con los trabajos de reconstrucci\u00f3n en ese pa\u00eds, afectado por desastres naturales, inform\u00f3 el Comando Conjunto de las Fuerzas Armadas en su portal de internet.<\/p>\n<\/p>\n<p>El Comando record\u00f3 que la Organizaci\u00f3n de las Naciones Unidas emprendi\u00f3 el programa de ayuda humanitaria denominado Misi\u00f3n de Naciones Unidas para la Estabilizaci\u00f3n de Hait\u00ed (Minustah) con la participaci\u00f3n de cascos azules integrantes de varias Fuerzas Armadas de la regi\u00f3n.<\/p>\n<\/p>\n<p>En el marco de ese programa, el vig\u00e9simo primer contingente Minustah de Ecuador, conformado por 65 miembros de las Fuerzas Armadas, viajar\u00e1 ma\u00f1ana hacia Puerto Pr\u00edncipe en una aeronave de la Fuerza A\u00e9rea Ecuatoriana.<\/p>\n<\/p>\n<p>En esa misma aeronave retornar\u00e1 el vig\u00e9simo contingente que fue asignado a esta misi\u00f3n humanitaria, indic\u00f3 el Comando Conjunto, que record\u00f3 que entre las obras realizadas especialmente en Puerto Pr\u00edncipe y el departamento de Artibonite figuran la construcci\u00f3n de puentes y reconstrucci\u00f3n de carreteras.<\/p>\n<\/p>\n<p>Adem\u00e1s, la construcci\u00f3n de aulas escolares, rehabilitaci\u00f3n de edificios y centros de salud, alcantarillado, entre otras.<\/p>\n<h6> 2015-01-31 11:24:02 <\/h6>\n<p><!--\n<link rel=\"stylesheet\" href=\"css\/bootstrap.min.css\">\n\n\n<ul class=\"pagination\">\n\t    \n\t\n\n<li >\n\t<a href='?page_no=25046'>Previous<\/a>\n\t<\/li>\n\n\n       \n    \n\n<li><a href='?page_no=1'>1<\/a><\/li>\n\n\n\n<li><a href='?page_no=2'>2<\/a><\/li>\n\n\n\n<li><a>...<\/a><\/li>\n\n\n\n<li><a href='?page_no=25045'>25045<\/a><\/li>\n\n\n\n<li><a href='?page_no=25046'>25046<\/a><\/li>\n\n\n\n<li class='active'><a>25047<\/a><\/li>\n\n\n\n<li><a href='?page_no=25048'>25048<\/a><\/li>\n\n\n\n<li><a href='?page_no=25049'>25049<\/a><\/li>\n\n\n\n<li><a>...<\/a><\/li>\n\n\n\n<li><a href='?page_no=51012'>51012<\/a><\/li>\n\n\n\n<li><a href='?page_no=51013'>51013<\/a><\/li>\n\n    \n\t\n\n<li >\n\t<a href='?page_no=25048'>Next<\/a>\n\t<\/li>\n\n\n    \n\n<li><a href='?page_no=51013'>Last &rsaquo;&rsaquo;<\/a><\/li>\n\n<\/ul>\n\n\n--><br \/>\n<\/body><\/p>\n","protected":false},"excerpt":{"rendered":"<p>Quito, Ecuador 31 enero.- Ecuador enviar\u00e1 un nuevo contingente de cascos azules a Hait\u00ed para continuar con los trabajos de reconstrucci\u00f3n en ese pa\u00eds, afectado por desastres naturales, inform\u00f3 el Comando Conjunto de las Fuerzas Armadas en su portal de internet. El Comando record\u00f3 que la Organizaci\u00f3n de las Naciones Unidas emprendi\u00f3 el programa de [&hellip;]<\/p>\n","protected":false},"author":3,"featured_media":0,"comment_status":"open","ping_status":"open","sticky":false,"template":"","format":"standard","meta":{"footnotes":""},"categories":[23],"tags":[],"class_list":["post-255402","post","type-post","status-publish","format-standard","hentry","category-internacional"],"_links":{"self":[{"href":"https:\/\/diariodominicano.com\/index.php?rest_route=\/wp\/v2\/posts\/255402","targetHints":{"allow":["GET"]}}],"collection":[{"href":"https:\/\/diariodominicano.com\/index.php?rest_route=\/wp\/v2\/posts"}],"about":[{"href":"https:\/\/diariodominicano.com\/index.php?rest_route=\/wp\/v2\/types\/post"}],"author":[{"embeddable":true,"href":"https:\/\/diariodominicano.com\/index.php?rest_route=\/wp\/v2\/users\/3"}],"replies":[{"embeddable":true,"href":"https:\/\/diariodominicano.com\/index.php?rest_route=%2Fwp%2Fv2%2Fcomments&post=255402"}],"version-history":[{"count":0,"href":"https:\/\/diariodominicano.com\/index.php?rest_route=\/wp\/v2\/posts\/255402\/revisions"}],"wp:attachment":[{"href":"https:\/\/diariodominicano.com\/index.php?rest_route=%2Fwp%2Fv2%2Fmedia&parent=255402"}],"wp:term":[{"taxonomy":"category","embeddable":true,"href":"https:\/\/diariodominicano.com\/index.php?rest_route=%2Fwp%2Fv2%2Fcategories&post=255402"},{"taxonomy":"post_tag","embeddable":true,"href":"https:\/\/diariodominicano.com\/index.php?rest_route=%2Fwp%2Fv2%2Ftags&post=255402"}],"curies":[{"name":"wp","href":"https:\/\/api.w.org\/{rel}","templated":true}]}}