{"id":255380,"date":"2015-02-03T13:26:56","date_gmt":"2015-02-03T13:26:56","guid":{"rendered":"http:\/\/diariodominicano.ddns.net\/?p=255380"},"modified":"2015-02-03T13:26:56","modified_gmt":"2015-02-03T13:26:56","slug":"farc-ep-informa-sobre-marcha-de-proceso-de-paz-a-canciller-noruego","status":"publish","type":"post","link":"https:\/\/diariodominicano.com\/?p=255380","title":{"rendered":"&#13;&#13;FARC-EP informa sobre marcha de proceso de paz a canciller noruego"},"content":{"rendered":"<p><body><\/p>\n<p><img decoding=\"async\" src=\"img3\/farc-cancillernoruego.jpg\" \/>  <\/p>\n<p><span class=\"text1noticias\">\t\t<\/span><\/p>\n<p><span class=\"text1noticias\">  <\/span><\/p>\n<\/p>\n<p><span class=\"text1noticias\">La Habana, 3 feb (PL) La delegaci\u00f3n de las guerrilleras FARC-EP que se halla en la Mesa de Di\u00e1logos con el gobierno colombiano sostuvo un encuentro con el canciller noruego, Borge Brende, en el cual inform\u00f3 sobre los avances del proceso de paz.<\/span><\/p>\n<\/p>\n<p><span class=\"text1noticias\">Seg\u00fan un comunicado divulgado este martes, la delegaci\u00f3n insurgente -en conversaciones de paz en La Habana desde 2012 con el gobierno de Juan Manuel Santos- se reuni\u00f3 este lunes por cerca de dos horas con Brende y acompa\u00f1antes, en una cita en la cual \u00abse intercambi\u00f3 informaci\u00f3n sobre los avances del proceso (de paz)\u00bb.<\/span><\/p>\n<\/p>\n<p><span class=\"text1noticias\">Durante el encuentro se reconoci\u00f3 el importante aporte que Noruega (pa\u00eds garante de los Di\u00e1logos junto a Cuba) hace para lograr la paz en Colombia.<\/span><\/p>\n<\/p>\n<p><span class=\"text1noticias\">Asimismo, se record\u00f3 que los representantes noruegos no s\u00f3lo participan de las deliberaciones en La Habana sino que han sido pieza fundamental para que los comandantes guerrilleros pudieran viajar con seguridad a Cuba, al igual que participar en actividades humanitarias, entre otras importantes labores.<\/span><\/p>\n<\/p>\n<p><span class=\"text1noticias\">En esta reuni\u00f3n la representaci\u00f3n de las Fuerzas Armadas Revolucionarias de Colombia-Ej\u00e9rcito del Pueblo (FARC-EP) estuvo encabezada por el jefe de su delegaci\u00f3n de paz, comandante Iv\u00e1n M\u00e1rquez, acompa\u00f1ado por Pastor Alape, Pablo Catatumbo, Carlos Antonio Lozada, Joaqu\u00edn G\u00f3mez y Ricardo T\u00e9llez.<\/span><\/p>\n<\/p>\n<p><span class=\"text1noticias\">La comitiva noruega estuvo integrada por el director general de la canciller\u00eda, Tore Hattrem; el jefe del gabinete, Vedbjorn Dysvik; el director para Am\u00e9rica Latina, Trygue Berdihsby; el jefe de la delegaci\u00f3n de garantes de los di\u00e1logos de La Habana, Dag Nylander; el embajador en Cuba John Peher Opdahl; Dag Nagoda e Iver Willihsen.<\/span><\/p>\n<\/p>\n<p><span class=\"text1noticias\">Horas antes Brende se hab\u00eda reunido con el jefe de la delegaci\u00f3n de paz del gobierno, Humberto de la Calle, quien estuvo acompa\u00f1ado por el Dr. Sergio Jaramillo, los generales Jorge Enrique Mora Rangel y Oscar Naranjo y la Dra. Mar\u00eda Paulina Riveros<\/span>.<\/p>\n<h6> 2015-02-03 13:26:56 <\/h6>\n<p><!--\n<link rel=\"stylesheet\" href=\"css\/bootstrap.min.css\">\n\n\n<ul class=\"pagination\">\n\t    \n\t\n\n<li >\n\t<a href='?page_no=25024'>Previous<\/a>\n\t<\/li>\n\n\n       \n    \n\n<li><a href='?page_no=1'>1<\/a><\/li>\n\n\n\n<li><a href='?page_no=2'>2<\/a><\/li>\n\n\n\n<li><a>...<\/a><\/li>\n\n\n\n<li><a href='?page_no=25023'>25023<\/a><\/li>\n\n\n\n<li><a href='?page_no=25024'>25024<\/a><\/li>\n\n\n\n<li class='active'><a>25025<\/a><\/li>\n\n\n\n<li><a href='?page_no=25026'>25026<\/a><\/li>\n\n\n\n<li><a href='?page_no=25027'>25027<\/a><\/li>\n\n\n\n<li><a>...<\/a><\/li>\n\n\n\n<li><a href='?page_no=51012'>51012<\/a><\/li>\n\n\n\n<li><a href='?page_no=51013'>51013<\/a><\/li>\n\n    \n\t\n\n<li >\n\t<a href='?page_no=25026'>Next<\/a>\n\t<\/li>\n\n\n    \n\n<li><a href='?page_no=51013'>Last &rsaquo;&rsaquo;<\/a><\/li>\n\n<\/ul>\n\n\n--><br \/>\n<\/body><\/p>\n","protected":false},"excerpt":{"rendered":"<p>La Habana, 3 feb (PL) La delegaci\u00f3n de las guerrilleras FARC-EP que se halla en la Mesa de Di\u00e1logos con el gobierno colombiano sostuvo un encuentro con el canciller noruego, Borge Brende, en el cual inform\u00f3 sobre los avances del proceso de paz. Seg\u00fan un comunicado divulgado este martes, la delegaci\u00f3n insurgente -en conversaciones de [&hellip;]<\/p>\n","protected":false},"author":3,"featured_media":0,"comment_status":"open","ping_status":"open","sticky":false,"template":"","format":"standard","meta":{"footnotes":""},"categories":[23],"tags":[],"class_list":["post-255380","post","type-post","status-publish","format-standard","hentry","category-internacional"],"_links":{"self":[{"href":"https:\/\/diariodominicano.com\/index.php?rest_route=\/wp\/v2\/posts\/255380","targetHints":{"allow":["GET"]}}],"collection":[{"href":"https:\/\/diariodominicano.com\/index.php?rest_route=\/wp\/v2\/posts"}],"about":[{"href":"https:\/\/diariodominicano.com\/index.php?rest_route=\/wp\/v2\/types\/post"}],"author":[{"embeddable":true,"href":"https:\/\/diariodominicano.com\/index.php?rest_route=\/wp\/v2\/users\/3"}],"replies":[{"embeddable":true,"href":"https:\/\/diariodominicano.com\/index.php?rest_route=%2Fwp%2Fv2%2Fcomments&post=255380"}],"version-history":[{"count":0,"href":"https:\/\/diariodominicano.com\/index.php?rest_route=\/wp\/v2\/posts\/255380\/revisions"}],"wp:attachment":[{"href":"https:\/\/diariodominicano.com\/index.php?rest_route=%2Fwp%2Fv2%2Fmedia&parent=255380"}],"wp:term":[{"taxonomy":"category","embeddable":true,"href":"https:\/\/diariodominicano.com\/index.php?rest_route=%2Fwp%2Fv2%2Fcategories&post=255380"},{"taxonomy":"post_tag","embeddable":true,"href":"https:\/\/diariodominicano.com\/index.php?rest_route=%2Fwp%2Fv2%2Ftags&post=255380"}],"curies":[{"name":"wp","href":"https:\/\/api.w.org\/{rel}","templated":true}]}}