{"id":255378,"date":"2015-02-03T13:49:21","date_gmt":"2015-02-03T13:49:21","guid":{"rendered":"http:\/\/diariodominicano.ddns.net\/?p=255378"},"modified":"2015-02-03T13:49:21","modified_gmt":"2015-02-03T13:49:21","slug":"onu-advierte-que-civiles-ucranianos-estan-al-borde-de-catastrofe","status":"publish","type":"post","link":"https:\/\/diariodominicano.com\/?p=255378","title":{"rendered":"&#13;&#13;ONU advierte que civiles ucranianos est\u00e1n al borde de cat\u00e1strofe"},"content":{"rendered":"<p><body><\/p>\n<p><img decoding=\"async\" src=\"img3\/ucrania-violenciaciviles.jpg\" \/>  <\/p>\n<p><span class=\"text1noticias\">\t\t<\/span><\/p>\n<p><span class=\"text1noticias\">  <\/span><\/p>\n<\/p>\n<p><span class=\"text1noticias\">Naciones Unidas, 3 feb (PL) El alto comisionado de Naciones Unidas para los Derechos Humanos, Zeid Raad Al Hussein, advirti\u00f3 hoy que de continuar la violencia imperante en el sureste de Ucrania la poblaci\u00f3n civil enfrentar\u00e1 all\u00ed una cat\u00e1strofe.<\/span><\/p>\n<\/p>\n<p><span class=\"text1noticias\">Las partes deben detener de inmediato las hostilidades, que desde abril de 2014 han dejado al menos cinco mil 358 muertos, m\u00e1s de 220 de ellos en las \u00faltimas tres semanas, y 12 mil 235 heridos, se\u00f1al\u00f3 en un comunicado.<\/span><\/p>\n<\/p>\n<p><span class=\"text1noticias\">Ucrania sufre desde el a\u00f1o pasado una crisis pol\u00edtica devenida en conflicto armado entre el Gobierno y rebeldes que declararon la independencia de Donetsk y Lugansk, regi\u00f3n del Donbass, en rechazo al golpe de Estado de febrero de 2014, las elecciones de mayo (consideradas un intento de legitimarlo), y la postura radical de las nuevas autoridades.<\/span><\/p>\n<\/p>\n<p><span class=\"text1noticias\">Paradas del transporte p\u00fablico, mercados, escuelas, hospitales y \u00e1reas residenciales se han convertido en un campo de batalla, en clara violaci\u00f3n de las leyes internacionales, lament\u00f3 el Alto Comisionado.<\/span><\/p>\n<\/p>\n<p><span class=\"text1noticias\">Seg\u00fan el diplom\u00e1tico jordano los alrededor de cinco millones 200 mil habitantes del sureste ucraniano est\u00e1n en peligro, sobre todo por los \u00abindiscriminados bombardeos contra zonas controladas por el Gobierno y los grupos armados\u00bb.<\/span><\/p>\n<\/p>\n<p><span class=\"text1noticias\">A mediados de enero, Kiev rompi\u00f3 una tregua y reanud\u00f3 las acciones artilleras, que provocaron ocho nuevas v\u00edctimas civiles la v\u00edspera, de acuerdo con un reporte de la proclamada Rep\u00fablica Popular de Donetsk.<\/span><\/p>\n<\/p>\n<p><span class=\"text1noticias\">Zeid inst\u00f3 a los pa\u00edses con influencia en la zona a ejercerla para garantizar el cumplimiento de los protocolos alcanzados en septiembre en Minsk, Belar\u00fas, de cara a buscar el camino de la soluci\u00f3n pac\u00edfica, comenzando por el respeto al alto el fuego.<\/span><\/p>\n<\/p>\n<p><span class=\"text1noticias\">Occidente (Estados Unidos y la Uni\u00f3n Europea) respalda a Kiev y acusa a Rusia de suministrar armas a los insurgentes, mientras Mosc\u00fa denuncia la intenci\u00f3n de la OTAN de cercar sus fronteras con el dominio de la rep\u00fablica exsovi\u00e9tica.<\/span><\/p>\n<\/p>\n<p><span class=\"text1noticias\">En sus declaraciones, emitidas desde su oficina en Ginebra, el Alto Comisionado de la ONU para los Derechos Humanos insisti\u00f3 en exigir a las partes en conflicto proteger la vida de los civiles como una prioridad.<\/span><\/p>\n<\/p>\n<p><span class=\"text1noticias\">Cualquier violaci\u00f3n de las leyes humanitarias internacionales debe ser investigada, y sus responsables llevados ante la justicia, demand\u00f3.<\/span><\/p>\n<\/p>\n<p><span class=\"text1noticias\">Zeid tambi\u00e9n manifest\u00f3 preocupaci\u00f3n por el impacto del invierno en la poblaci\u00f3n golpeada por las hostilidades, incluyendo los desplazados, quienes se estiman en m\u00e1s de 900 mil.<\/span><\/p>\n<\/p>\n<h6> 2015-02-03 13:49:21 <\/h6>\n<p><!--\n<link rel=\"stylesheet\" href=\"css\/bootstrap.min.css\">\n\n\n<ul class=\"pagination\">\n\t    \n\t\n\n<li >\n\t<a href='?page_no=25022'>Previous<\/a>\n\t<\/li>\n\n\n       \n    \n\n<li><a href='?page_no=1'>1<\/a><\/li>\n\n\n\n<li><a href='?page_no=2'>2<\/a><\/li>\n\n\n\n<li><a>...<\/a><\/li>\n\n\n\n<li><a href='?page_no=25021'>25021<\/a><\/li>\n\n\n\n<li><a href='?page_no=25022'>25022<\/a><\/li>\n\n\n\n<li class='active'><a>25023<\/a><\/li>\n\n\n\n<li><a href='?page_no=25024'>25024<\/a><\/li>\n\n\n\n<li><a href='?page_no=25025'>25025<\/a><\/li>\n\n\n\n<li><a>...<\/a><\/li>\n\n\n\n<li><a href='?page_no=51012'>51012<\/a><\/li>\n\n\n\n<li><a href='?page_no=51013'>51013<\/a><\/li>\n\n    \n\t\n\n<li >\n\t<a href='?page_no=25024'>Next<\/a>\n\t<\/li>\n\n\n    \n\n<li><a href='?page_no=51013'>Last &rsaquo;&rsaquo;<\/a><\/li>\n\n<\/ul>\n\n\n--><br \/>\n<\/body><\/p>\n","protected":false},"excerpt":{"rendered":"<p>Naciones Unidas, 3 feb (PL) El alto comisionado de Naciones Unidas para los Derechos Humanos, Zeid Raad Al Hussein, advirti\u00f3 hoy que de continuar la violencia imperante en el sureste de Ucrania la poblaci\u00f3n civil enfrentar\u00e1 all\u00ed una cat\u00e1strofe. Las partes deben detener de inmediato las hostilidades, que desde abril de 2014 han dejado al [&hellip;]<\/p>\n","protected":false},"author":3,"featured_media":0,"comment_status":"open","ping_status":"open","sticky":false,"template":"","format":"standard","meta":{"footnotes":""},"categories":[23],"tags":[],"class_list":["post-255378","post","type-post","status-publish","format-standard","hentry","category-internacional"],"_links":{"self":[{"href":"https:\/\/diariodominicano.com\/index.php?rest_route=\/wp\/v2\/posts\/255378","targetHints":{"allow":["GET"]}}],"collection":[{"href":"https:\/\/diariodominicano.com\/index.php?rest_route=\/wp\/v2\/posts"}],"about":[{"href":"https:\/\/diariodominicano.com\/index.php?rest_route=\/wp\/v2\/types\/post"}],"author":[{"embeddable":true,"href":"https:\/\/diariodominicano.com\/index.php?rest_route=\/wp\/v2\/users\/3"}],"replies":[{"embeddable":true,"href":"https:\/\/diariodominicano.com\/index.php?rest_route=%2Fwp%2Fv2%2Fcomments&post=255378"}],"version-history":[{"count":0,"href":"https:\/\/diariodominicano.com\/index.php?rest_route=\/wp\/v2\/posts\/255378\/revisions"}],"wp:attachment":[{"href":"https:\/\/diariodominicano.com\/index.php?rest_route=%2Fwp%2Fv2%2Fmedia&parent=255378"}],"wp:term":[{"taxonomy":"category","embeddable":true,"href":"https:\/\/diariodominicano.com\/index.php?rest_route=%2Fwp%2Fv2%2Fcategories&post=255378"},{"taxonomy":"post_tag","embeddable":true,"href":"https:\/\/diariodominicano.com\/index.php?rest_route=%2Fwp%2Fv2%2Ftags&post=255378"}],"curies":[{"name":"wp","href":"https:\/\/api.w.org\/{rel}","templated":true}]}}