{"id":255377,"date":"2015-02-03T13:55:45","date_gmt":"2015-02-03T13:55:45","guid":{"rendered":"http:\/\/diariodominicano.ddns.net\/?p=255377"},"modified":"2015-02-03T13:55:45","modified_gmt":"2015-02-03T13:55:45","slug":"venezuela-rechaza-comunicado-estadounidense-violatorio-del-derecho","status":"publish","type":"post","link":"https:\/\/diariodominicano.com\/?p=255377","title":{"rendered":"&#13;&#13;Venezuela rechaza comunicado estadounidense violatorio del Derecho"},"content":{"rendered":"<p><body><\/p>\n<p><img decoding=\"async\" src=\"img3\/venezuela.jpg\" \/>  <\/p>\n<p><span class=\"text1noticias\">\t\t<\/span><\/p>\n<p><span class=\"text1noticias\">  <\/span><\/p>\n<\/p>\n<p><span class=\"text1noticias\">Caracas, 3 feb (PL) El gobierno venezolano rechaz\u00f3 hoy de forma categ\u00f3rica un comunicado oficial estadounidense que reitera las medidas coercitivas unilaterales de Washington contra el pa\u00eds sudamericano.<\/span><\/p>\n<\/p>\n<p><span class=\"text1noticias\">El texto del Departamento de Estado, emitido la v\u00edspera, reincide mediante mecanismos lesivos en la violaci\u00f3n del Derecho Internacional, expresa una respuesta de la canciller\u00eda local.<\/span><\/p>\n<\/p>\n<p><span class=\"text1noticias\">Las medidas estadounidenses de presi\u00f3n contra Caracas en los t\u00e9rminos expuestos contravienen la voluntad de todos los gobiernos y pueblos de la regi\u00f3n reunidos en la III Cumbre de Jefes de Estados de la Comunidad de Estados Latinoamericanos y Caribe\u00f1os de finales de enero \u00faltimo, a\u00f1ade.<\/span><\/p>\n<\/p>\n<p><span class=\"text1noticias\">Una declaraci\u00f3n aprobada en esa reuni\u00f3n del organismo expresa su \u00abprofundo rechazo a la aplicaci\u00f3n de medidas coercitivas unilaterales contrarias al Derecho Internacional\u00bb, recuerda el comunicado del gobierno venezolano.<\/span><\/p>\n<\/p>\n<p><span class=\"text1noticias\">Recientes pronunciamientos del Mercado Com\u00fan del Sur y de la Uni\u00f3n de Naciones del Sur, por su parte, exhortaron al Gobierno de Estados Unidos a abstenerse de aplicar sanciones unilaterales \u00abque no contribuyen a la estabilidad, la paz social y la democracia\u00bb, subraya el comunicado venezolano.<\/span><\/p>\n<\/p>\n<p><span class=\"text1noticias\">Caracas lamenta la continuidad de las agresiones de Washington \u00abque atentan contra el di\u00e1logo de respeto que rige la actuaci\u00f3n internacional del gobierno venezolano y violentan los principios de soberan\u00eda nacional, igualdad de derechos y no injerencia en los asuntos internos, intr\u00ednsecos al Derecho Internacional\u00bb.<\/span><\/p>\n<\/p>\n<p><span class=\"text1noticias\">Venezuela ratifica en el texto oficial su independencia y soberan\u00eda y se reserva \u00abtodas las acciones que en el campo diplom\u00e1tico y del Derecho Internacional fuesen necesarias para defender la soberan\u00eda e independencia de nuestra Patria, y permitan rechazar \u00e9stas medidas de agresi\u00f3n contra Venezuela\u00bb.<\/span><\/p>\n<\/p>\n<p><span class=\"text1noticias\">El comunicado emitido por Washington este 2 de febrero, por su lado, critica al gobierno venezolano por la detenci\u00f3n y procesamiento judicial \u00abde activistas pol\u00edticos\u00bb responsables de los actos violentos que mataron a 43 personas e hirieron a cientos de ellas durante el primer semestre del pasado a\u00f1o.<\/span><\/p>\n<\/p>\n<p><span class=\"text1noticias\">Tambi\u00e9n anuncia restricciones de visado contra \u00abotro grupo de ex funcionarios y funcionarios en ejercicio del gobierno venezolano presuntamente incursos o c\u00f3mplices de violaciones a los derechos humanos\u00bb.<\/span><\/p>\n<\/p>\n<h6> 2015-02-03 13:55:45 <\/h6>\n<p><!--\n<link rel=\"stylesheet\" href=\"css\/bootstrap.min.css\">\n\n\n<ul class=\"pagination\">\n\t    \n\t\n\n<li >\n\t<a href='?page_no=25021'>Previous<\/a>\n\t<\/li>\n\n\n       \n    \n\n<li><a href='?page_no=1'>1<\/a><\/li>\n\n\n\n<li><a href='?page_no=2'>2<\/a><\/li>\n\n\n\n<li><a>...<\/a><\/li>\n\n\n\n<li><a href='?page_no=25020'>25020<\/a><\/li>\n\n\n\n<li><a href='?page_no=25021'>25021<\/a><\/li>\n\n\n\n<li class='active'><a>25022<\/a><\/li>\n\n\n\n<li><a href='?page_no=25023'>25023<\/a><\/li>\n\n\n\n<li><a href='?page_no=25024'>25024<\/a><\/li>\n\n\n\n<li><a>...<\/a><\/li>\n\n\n\n<li><a href='?page_no=51012'>51012<\/a><\/li>\n\n\n\n<li><a href='?page_no=51013'>51013<\/a><\/li>\n\n    \n\t\n\n<li >\n\t<a href='?page_no=25023'>Next<\/a>\n\t<\/li>\n\n\n    \n\n<li><a href='?page_no=51013'>Last &rsaquo;&rsaquo;<\/a><\/li>\n\n<\/ul>\n\n\n--><br \/>\n<\/body><\/p>\n","protected":false},"excerpt":{"rendered":"<p>Caracas, 3 feb (PL) El gobierno venezolano rechaz\u00f3 hoy de forma categ\u00f3rica un comunicado oficial estadounidense que reitera las medidas coercitivas unilaterales de Washington contra el pa\u00eds sudamericano. El texto del Departamento de Estado, emitido la v\u00edspera, reincide mediante mecanismos lesivos en la violaci\u00f3n del Derecho Internacional, expresa una respuesta de la canciller\u00eda local. Las [&hellip;]<\/p>\n","protected":false},"author":3,"featured_media":0,"comment_status":"open","ping_status":"open","sticky":false,"template":"","format":"standard","meta":{"footnotes":""},"categories":[23],"tags":[],"class_list":["post-255377","post","type-post","status-publish","format-standard","hentry","category-internacional"],"_links":{"self":[{"href":"https:\/\/diariodominicano.com\/index.php?rest_route=\/wp\/v2\/posts\/255377","targetHints":{"allow":["GET"]}}],"collection":[{"href":"https:\/\/diariodominicano.com\/index.php?rest_route=\/wp\/v2\/posts"}],"about":[{"href":"https:\/\/diariodominicano.com\/index.php?rest_route=\/wp\/v2\/types\/post"}],"author":[{"embeddable":true,"href":"https:\/\/diariodominicano.com\/index.php?rest_route=\/wp\/v2\/users\/3"}],"replies":[{"embeddable":true,"href":"https:\/\/diariodominicano.com\/index.php?rest_route=%2Fwp%2Fv2%2Fcomments&post=255377"}],"version-history":[{"count":0,"href":"https:\/\/diariodominicano.com\/index.php?rest_route=\/wp\/v2\/posts\/255377\/revisions"}],"wp:attachment":[{"href":"https:\/\/diariodominicano.com\/index.php?rest_route=%2Fwp%2Fv2%2Fmedia&parent=255377"}],"wp:term":[{"taxonomy":"category","embeddable":true,"href":"https:\/\/diariodominicano.com\/index.php?rest_route=%2Fwp%2Fv2%2Fcategories&post=255377"},{"taxonomy":"post_tag","embeddable":true,"href":"https:\/\/diariodominicano.com\/index.php?rest_route=%2Fwp%2Fv2%2Ftags&post=255377"}],"curies":[{"name":"wp","href":"https:\/\/api.w.org\/{rel}","templated":true}]}}