{"id":255376,"date":"2015-02-03T14:02:26","date_gmt":"2015-02-03T14:02:26","guid":{"rendered":"http:\/\/diariodominicano.ddns.net\/?p=255376"},"modified":"2015-02-03T14:02:26","modified_gmt":"2015-02-03T14:02:26","slug":"juez-espanol-rechaza-detener-a-acusados-por-crimenes-de-guerra","status":"publish","type":"post","link":"https:\/\/diariodominicano.com\/?p=255376","title":{"rendered":"&#13;&#13;Juez espa\u00f1ol rechaza detener a acusados por cr\u00edmenes de guerra"},"content":{"rendered":"<p><body><\/p>\n<p><img decoding=\"async\" src=\"img3\/espana-franquismo.jpg\" \/>  <\/p>\n<p><span class=\"text1noticias\">\t\t\t<\/span><\/p>\n<p><span class=\"text1noticias\">  <\/span><\/p>\n<\/p>\n<p><span class=\"text1noticias\">Madrid, 3 feb (PL) Un juez espa\u00f1ol desestim\u00f3 hoy la solicitud de una asociaci\u00f3n humanitaria para detener a 19 acusados de cr\u00edmenes durante la dictadura de Francisco Franco (1936-1975) acusados por la jueza argentina Mar\u00eda Servini.<\/span><\/p>\n<\/p>\n<p><span class=\"text1noticias\">Seg\u00fan el auto, el juez de la Audiencia Nacional Eloy Velasco se declar\u00f3 no legitimado para realizar esos arrestos porque se trata de un proceso en curso de extradici\u00f3n entre dos pa\u00edses.<\/span><\/p>\n<\/p>\n<p><span class=\"text1noticias\">El reclamo fue presentado por la Asociaci\u00f3n pro derechos Humanos Espa\u00f1a a partir de las imputaciones presentadas en un tribunal argentino por Servini, que incluye a exministros, pol\u00edticos de la dictadura y exmilitares, entre otros.<\/span><\/p>\n<\/p>\n<p><span class=\"text1noticias\">Algunos de los imputados son los exministros Antonio Carro, Jos\u00e9 Mar\u00eda S\u00e1nchez, Alfonso Osorio y Mart\u00edn Villa, as\u00ed como Licinio de la Fuente, quien fue vicepresidente del Gobierno.<\/span><\/p>\n<\/p>\n<h6> 2015-02-03 14:02:26 <\/h6>\n<p><!--\n<link rel=\"stylesheet\" href=\"css\/bootstrap.min.css\">\n\n\n<ul class=\"pagination\">\n\t    \n\t\n\n<li >\n\t<a href='?page_no=25020'>Previous<\/a>\n\t<\/li>\n\n\n       \n    \n\n<li><a href='?page_no=1'>1<\/a><\/li>\n\n\n\n<li><a href='?page_no=2'>2<\/a><\/li>\n\n\n\n<li><a>...<\/a><\/li>\n\n\n\n<li><a href='?page_no=25019'>25019<\/a><\/li>\n\n\n\n<li><a href='?page_no=25020'>25020<\/a><\/li>\n\n\n\n<li class='active'><a>25021<\/a><\/li>\n\n\n\n<li><a href='?page_no=25022'>25022<\/a><\/li>\n\n\n\n<li><a href='?page_no=25023'>25023<\/a><\/li>\n\n\n\n<li><a>...<\/a><\/li>\n\n\n\n<li><a href='?page_no=51012'>51012<\/a><\/li>\n\n\n\n<li><a href='?page_no=51013'>51013<\/a><\/li>\n\n    \n\t\n\n<li >\n\t<a href='?page_no=25022'>Next<\/a>\n\t<\/li>\n\n\n    \n\n<li><a href='?page_no=51013'>Last &rsaquo;&rsaquo;<\/a><\/li>\n\n<\/ul>\n\n\n--><br \/>\n<\/body><\/p>\n","protected":false},"excerpt":{"rendered":"<p>Madrid, 3 feb (PL) Un juez espa\u00f1ol desestim\u00f3 hoy la solicitud de una asociaci\u00f3n humanitaria para detener a 19 acusados de cr\u00edmenes durante la dictadura de Francisco Franco (1936-1975) acusados por la jueza argentina Mar\u00eda Servini. Seg\u00fan el auto, el juez de la Audiencia Nacional Eloy Velasco se declar\u00f3 no legitimado para realizar esos arrestos [&hellip;]<\/p>\n","protected":false},"author":3,"featured_media":0,"comment_status":"open","ping_status":"open","sticky":false,"template":"","format":"standard","meta":{"footnotes":""},"categories":[23],"tags":[],"class_list":["post-255376","post","type-post","status-publish","format-standard","hentry","category-internacional"],"_links":{"self":[{"href":"https:\/\/diariodominicano.com\/index.php?rest_route=\/wp\/v2\/posts\/255376","targetHints":{"allow":["GET"]}}],"collection":[{"href":"https:\/\/diariodominicano.com\/index.php?rest_route=\/wp\/v2\/posts"}],"about":[{"href":"https:\/\/diariodominicano.com\/index.php?rest_route=\/wp\/v2\/types\/post"}],"author":[{"embeddable":true,"href":"https:\/\/diariodominicano.com\/index.php?rest_route=\/wp\/v2\/users\/3"}],"replies":[{"embeddable":true,"href":"https:\/\/diariodominicano.com\/index.php?rest_route=%2Fwp%2Fv2%2Fcomments&post=255376"}],"version-history":[{"count":0,"href":"https:\/\/diariodominicano.com\/index.php?rest_route=\/wp\/v2\/posts\/255376\/revisions"}],"wp:attachment":[{"href":"https:\/\/diariodominicano.com\/index.php?rest_route=%2Fwp%2Fv2%2Fmedia&parent=255376"}],"wp:term":[{"taxonomy":"category","embeddable":true,"href":"https:\/\/diariodominicano.com\/index.php?rest_route=%2Fwp%2Fv2%2Fcategories&post=255376"},{"taxonomy":"post_tag","embeddable":true,"href":"https:\/\/diariodominicano.com\/index.php?rest_route=%2Fwp%2Fv2%2Ftags&post=255376"}],"curies":[{"name":"wp","href":"https:\/\/api.w.org\/{rel}","templated":true}]}}