{"id":255371,"date":"2015-02-04T13:25:01","date_gmt":"2015-02-04T13:25:01","guid":{"rendered":"http:\/\/diariodominicano.ddns.net\/?p=255371"},"modified":"2015-02-04T13:25:01","modified_gmt":"2015-02-04T13:25:01","slug":"farc-ep-proponen-fondo-para-reparacion-de-victimas-de-conflicto","status":"publish","type":"post","link":"https:\/\/diariodominicano.com\/?p=255371","title":{"rendered":"&#13;&#13;FARC-EP proponen fondo para reparaci\u00f3n de v\u00edctimas de conflicto"},"content":{"rendered":"<p><body><\/p>\n<p><img decoding=\"async\" src=\"img3\/carlosa-lozada.jpg\" \/>  <\/p>\n<\/p>\n<p><span class=\"text1noticias\">\t\t\t<\/span><\/p>\n<p><span class=\"text1noticias\">  <\/span><\/p>\n<\/p>\n<p><span class=\"text1noticias\">La Habana, 4 feb (PL) Las Fuerzas Armadas Revolucionarias de Colombia-Ej\u00e9rcito del Pueblo (FARC-EP) abogaron hoy por la conformaci\u00f3n del Fondo Especial para la Reparaci\u00f3n Integral de las V\u00edctimas del Conflicto armado en esa naci\u00f3n suramericana.<\/span><\/p>\n<p><span class=\"text1noticias\"> <\/span><\/p>\n<p><span class=\"text1noticias\">La delegaci\u00f3n de las FARC-EP -en conversaciones de paz desde 2012 en La Habana con el gobierno de Juan Manuel Santos- propuso la implementaci\u00f3n de un Plan Nacional para la Reparaci\u00f3n Integral de las V\u00edctimas del Conflicto que deber\u00e1 tener sustento constitucional y ser\u00e1 para un per\u00edodo m\u00ednimo de 10 a\u00f1os.<\/span><\/p>\n<\/p>\n<p><span class=\"text1noticias\">Al respecto, la elaboraci\u00f3n, implementaci\u00f3n y seguimiento de este Plan estar\u00e1 a cargo de un Consejo Nacional para la Reparaci\u00f3n Integral de los afectados por el conflicto, que contar\u00e1 con la participaci\u00f3n directa y decisoria de organizaciones de v\u00edctimas y otros sectores sociales organizados, articulados con los entes del Estado Nacional.<\/span><\/p>\n<\/p>\n<p><span class=\"text1noticias\">Para la financiaci\u00f3n de este Plan, las FARC-EP propusieron la creaci\u00f3n de un fondo especial que debe equivaler como m\u00ednimo al tres por ciento del Producto Interno Bruto colombiano y ser\u00e1 gasto prioritario de la naci\u00f3n.<\/span><\/p>\n<\/p>\n<p><span class=\"text1noticias\">Seg\u00fan explic\u00f3 el comandante insurgente Carlos Antonio Lozada, las fuentes del mencionado Fondo se basar\u00edan en la reducci\u00f3n de los gastos de seguridad, impuesto al patrimonio, aportes del sistema general de regal\u00edas y un nuevo gravamen a los dividendos.<\/span><\/p>\n<\/p>\n<p><span class=\"text1noticias\">Asimismo, otras fuentes del Fondo nacer\u00edan de contribuciones especiales de grandes empresarios y empresas comprometidas con la victimizaci\u00f3n o beneficiadas con el conflicto armado; de la compensaci\u00f3n del gobierno de Estados Unidos por su intervenci\u00f3n en el conflicto y de donaciones internacionales.<\/span><\/p>\n<\/p>\n<p><span class=\"text1noticias\">Por otra parte, durante la presente jornada de conversaciones se incorpor\u00f3 por la delegaci\u00f3n gubernamental a la Mesa de Di\u00e1logos al general Javier Fl\u00f3rez, que lleg\u00f3 anoche a La Habana acompa\u00f1ado del coronel Vicente Sarmiento, con el fin de adelantar acciones relacionadas con la subcomisi\u00f3n t\u00e9cnica para el fin del conflicto.<\/span><\/p>\n<\/p>\n<p><span class=\"text1noticias\">De acuerdo con el gobierno, los oficiales sostendr\u00e1n durante un par de d\u00edas varias reuniones con miembros de la Mesa de Conversaciones, en las que se definir\u00e1n las reglas de funcionamiento y el alcance de esta subcomisi\u00f3n.<\/span><\/p>\n<\/p>\n<h6> 2015-02-04 13:25:01 <\/h6>\n<p><!--\n<link rel=\"stylesheet\" href=\"css\/bootstrap.min.css\">\n\n\n<ul class=\"pagination\">\n\t    \n\t\n\n<li >\n\t<a href='?page_no=25015'>Previous<\/a>\n\t<\/li>\n\n\n       \n    \n\n<li><a href='?page_no=1'>1<\/a><\/li>\n\n\n\n<li><a href='?page_no=2'>2<\/a><\/li>\n\n\n\n<li><a>...<\/a><\/li>\n\n\n\n<li><a href='?page_no=25014'>25014<\/a><\/li>\n\n\n\n<li><a href='?page_no=25015'>25015<\/a><\/li>\n\n\n\n<li class='active'><a>25016<\/a><\/li>\n\n\n\n<li><a href='?page_no=25017'>25017<\/a><\/li>\n\n\n\n<li><a href='?page_no=25018'>25018<\/a><\/li>\n\n\n\n<li><a>...<\/a><\/li>\n\n\n\n<li><a href='?page_no=51012'>51012<\/a><\/li>\n\n\n\n<li><a href='?page_no=51013'>51013<\/a><\/li>\n\n    \n\t\n\n<li >\n\t<a href='?page_no=25017'>Next<\/a>\n\t<\/li>\n\n\n    \n\n<li><a href='?page_no=51013'>Last &rsaquo;&rsaquo;<\/a><\/li>\n\n<\/ul>\n\n\n--><br \/>\n<\/body><\/p>\n","protected":false},"excerpt":{"rendered":"<p>La Habana, 4 feb (PL) Las Fuerzas Armadas Revolucionarias de Colombia-Ej\u00e9rcito del Pueblo (FARC-EP) abogaron hoy por la conformaci\u00f3n del Fondo Especial para la Reparaci\u00f3n Integral de las V\u00edctimas del Conflicto armado en esa naci\u00f3n suramericana. La delegaci\u00f3n de las FARC-EP -en conversaciones de paz desde 2012 en La Habana con el gobierno de Juan [&hellip;]<\/p>\n","protected":false},"author":3,"featured_media":0,"comment_status":"open","ping_status":"open","sticky":false,"template":"","format":"standard","meta":{"footnotes":""},"categories":[23],"tags":[],"class_list":["post-255371","post","type-post","status-publish","format-standard","hentry","category-internacional"],"_links":{"self":[{"href":"https:\/\/diariodominicano.com\/index.php?rest_route=\/wp\/v2\/posts\/255371","targetHints":{"allow":["GET"]}}],"collection":[{"href":"https:\/\/diariodominicano.com\/index.php?rest_route=\/wp\/v2\/posts"}],"about":[{"href":"https:\/\/diariodominicano.com\/index.php?rest_route=\/wp\/v2\/types\/post"}],"author":[{"embeddable":true,"href":"https:\/\/diariodominicano.com\/index.php?rest_route=\/wp\/v2\/users\/3"}],"replies":[{"embeddable":true,"href":"https:\/\/diariodominicano.com\/index.php?rest_route=%2Fwp%2Fv2%2Fcomments&post=255371"}],"version-history":[{"count":0,"href":"https:\/\/diariodominicano.com\/index.php?rest_route=\/wp\/v2\/posts\/255371\/revisions"}],"wp:attachment":[{"href":"https:\/\/diariodominicano.com\/index.php?rest_route=%2Fwp%2Fv2%2Fmedia&parent=255371"}],"wp:term":[{"taxonomy":"category","embeddable":true,"href":"https:\/\/diariodominicano.com\/index.php?rest_route=%2Fwp%2Fv2%2Fcategories&post=255371"},{"taxonomy":"post_tag","embeddable":true,"href":"https:\/\/diariodominicano.com\/index.php?rest_route=%2Fwp%2Fv2%2Ftags&post=255371"}],"curies":[{"name":"wp","href":"https:\/\/api.w.org\/{rel}","templated":true}]}}