{"id":255370,"date":"2015-02-04T13:29:45","date_gmt":"2015-02-04T13:29:45","guid":{"rendered":"http:\/\/diariodominicano.ddns.net\/?p=255370"},"modified":"2015-02-04T13:29:45","modified_gmt":"2015-02-04T13:29:45","slug":"prosigue-en-onu-sesion-de-comite-para-reestructurar-deuda-soberana","status":"publish","type":"post","link":"https:\/\/diariodominicano.com\/?p=255370","title":{"rendered":"&#13;Prosigue en ONU sesi\u00f3n de Comit\u00e9 para reestructurar deuda soberana"},"content":{"rendered":"<p><body><\/p>\n<p><img decoding=\"async\" src=\"img3\/onu-sala.jpg\" \/>  <\/p>\n<p><span class=\"text1noticias\">\t<\/span><\/p>\n<p><span class=\"text1noticias\">  <\/span><\/p>\n<\/p>\n<p><span class=\"text1noticias\">Naciones Unidas, 4 feb (PL) Encabezado por Bolivia, el Comit\u00e9 de Naciones Unidas sobre el Proceso de Reestructuraci\u00f3n de la Deuda Soberana discute hoy en tres paneles las prioridades para avanzar en ese proceso, defendido por los pa\u00edses del sur.<\/span><\/p>\n<\/p>\n<p><span class=\"text1noticias\">En la sesi\u00f3n de la ma\u00f1ana, los debates se centrar\u00e1n en las lagunas que enfrenta la reforma y las opciones de superarlas, en aras de llevar estabilidad al sistema financiero internacional e impedir las estrategias abusivas de los fondos altamente especulativos, llamados fondos buitre.<\/span><\/p>\n<\/p>\n<p><span class=\"text1noticias\">La jornada de la tarde se dedicar\u00e1 a explorar el establecimiento de un marco legal multilateral para la reestructuraci\u00f3n de la deuda, en sinton\u00eda con la resoluci\u00f3n aprobada por la Asamblea General en septiembre pasado, iniciativa promovida por el Grupo de los 77 m\u00e1s China, bloque de 134 pa\u00edses en desarrollo.<\/span><\/p>\n<\/p>\n<p><span class=\"text1noticias\">Expertos de diversas instituciones actuar\u00e1n como panelistas en la segunda de las tres fechas de trabajo del Comit\u00e9, que adem\u00e1s sesionar\u00e1 en abril y en junio o julio pr\u00f3ximos.<\/span><\/p>\n<\/p>\n<p><span class=\"text1noticias\">La v\u00edspera, el \u00f3rgano eligi\u00f3 en su primera reuni\u00f3n, despu\u00e9s de creado por la Asamblea en diciembre, para el puesto de presidente al embajador de Bolivia ante la ONU, Sacha Llorenti.<\/span><\/p>\n<\/p>\n<p><span class=\"text1noticias\">De acuerdo con el diplom\u00e1tico, el Comit\u00e9 est\u00e1 llamado a jugar un papel importante en la estabilizaci\u00f3n del sistema financiero global y el impulso al desarrollo sostenible.<\/span><\/p>\n<\/p>\n<p><span class=\"text1noticias\">Llorenti agradeci\u00f3 la confianza de los miembros de Naciones Unidas depositada en el pa\u00eds sudamericano, que liderar\u00e1 un proceso rechazado por Estados Unidos, la Uni\u00f3n Europea y Jap\u00f3n, defensores de abordar el tema de la deuda en el Fondo Monetario Internacional, donde ejercen su dominio.<\/span><\/p>\n<\/p>\n<p><span class=\"text1noticias\">La cuesti\u00f3n de los fondos buitres cobr\u00f3 fuerza el a\u00f1o pasado, a partir de la batalla de Argentina con compradores de t\u00edtulos de deuda respaldados por el juez norteamericano Thomas Griesa quien dictamin\u00f3 que Buenos Aires deb\u00eda pagarles el mil 600 por ciento de lo abonado para adquirir los documentos.<\/span><\/p>\n<\/p>\n<p><span class=\"text1noticias\">Seg\u00fan manifest\u00f3 aqu\u00ed en la jornada inaugural el economista colombiano Jos\u00e9 Antonio Ocampo, \u00abla reestructuraci\u00f3n de la deuda es un mecanismo esencial para el funcionamiento de todas las econom\u00edas modernas\u00bb.<\/span><\/p>\n<\/p>\n<h6> 2015-02-04 13:29:45 <\/h6>\n<p><!--\n<link rel=\"stylesheet\" href=\"css\/bootstrap.min.css\">\n\n\n<ul class=\"pagination\">\n\t    \n\t\n\n<li >\n\t<a href='?page_no=25014'>Previous<\/a>\n\t<\/li>\n\n\n       \n    \n\n<li><a href='?page_no=1'>1<\/a><\/li>\n\n\n\n<li><a href='?page_no=2'>2<\/a><\/li>\n\n\n\n<li><a>...<\/a><\/li>\n\n\n\n<li><a href='?page_no=25013'>25013<\/a><\/li>\n\n\n\n<li><a href='?page_no=25014'>25014<\/a><\/li>\n\n\n\n<li class='active'><a>25015<\/a><\/li>\n\n\n\n<li><a href='?page_no=25016'>25016<\/a><\/li>\n\n\n\n<li><a href='?page_no=25017'>25017<\/a><\/li>\n\n\n\n<li><a>...<\/a><\/li>\n\n\n\n<li><a href='?page_no=51012'>51012<\/a><\/li>\n\n\n\n<li><a href='?page_no=51013'>51013<\/a><\/li>\n\n    \n\t\n\n<li >\n\t<a href='?page_no=25016'>Next<\/a>\n\t<\/li>\n\n\n    \n\n<li><a href='?page_no=51013'>Last &rsaquo;&rsaquo;<\/a><\/li>\n\n<\/ul>\n\n\n--><br \/>\n<\/body><\/p>\n","protected":false},"excerpt":{"rendered":"<p>Naciones Unidas, 4 feb (PL) Encabezado por Bolivia, el Comit\u00e9 de Naciones Unidas sobre el Proceso de Reestructuraci\u00f3n de la Deuda Soberana discute hoy en tres paneles las prioridades para avanzar en ese proceso, defendido por los pa\u00edses del sur. En la sesi\u00f3n de la ma\u00f1ana, los debates se centrar\u00e1n en las lagunas que enfrenta [&hellip;]<\/p>\n","protected":false},"author":3,"featured_media":0,"comment_status":"open","ping_status":"open","sticky":false,"template":"","format":"standard","meta":{"footnotes":""},"categories":[23],"tags":[],"class_list":["post-255370","post","type-post","status-publish","format-standard","hentry","category-internacional"],"_links":{"self":[{"href":"https:\/\/diariodominicano.com\/index.php?rest_route=\/wp\/v2\/posts\/255370","targetHints":{"allow":["GET"]}}],"collection":[{"href":"https:\/\/diariodominicano.com\/index.php?rest_route=\/wp\/v2\/posts"}],"about":[{"href":"https:\/\/diariodominicano.com\/index.php?rest_route=\/wp\/v2\/types\/post"}],"author":[{"embeddable":true,"href":"https:\/\/diariodominicano.com\/index.php?rest_route=\/wp\/v2\/users\/3"}],"replies":[{"embeddable":true,"href":"https:\/\/diariodominicano.com\/index.php?rest_route=%2Fwp%2Fv2%2Fcomments&post=255370"}],"version-history":[{"count":0,"href":"https:\/\/diariodominicano.com\/index.php?rest_route=\/wp\/v2\/posts\/255370\/revisions"}],"wp:attachment":[{"href":"https:\/\/diariodominicano.com\/index.php?rest_route=%2Fwp%2Fv2%2Fmedia&parent=255370"}],"wp:term":[{"taxonomy":"category","embeddable":true,"href":"https:\/\/diariodominicano.com\/index.php?rest_route=%2Fwp%2Fv2%2Fcategories&post=255370"},{"taxonomy":"post_tag","embeddable":true,"href":"https:\/\/diariodominicano.com\/index.php?rest_route=%2Fwp%2Fv2%2Ftags&post=255370"}],"curies":[{"name":"wp","href":"https:\/\/api.w.org\/{rel}","templated":true}]}}