{"id":255369,"date":"2015-02-04T13:38:01","date_gmt":"2015-02-04T13:38:01","guid":{"rendered":"http:\/\/diariodominicano.ddns.net\/?p=255369"},"modified":"2015-02-04T13:38:01","modified_gmt":"2015-02-04T13:38:01","slug":"grecia-no-es-una-amenaza-para-europa-afirma-tsipras-en-francia","status":"publish","type":"post","link":"https:\/\/diariodominicano.com\/?p=255369","title":{"rendered":"&#13;Grecia no es una amenaza para Europa, afirma Tsipras en Francia"},"content":{"rendered":"<p><body><\/p>\n<p><img decoding=\"async\" src=\"img3\/alexis-tsipras-hollande.jpg\" \/>  <\/p>\n<p><span class=\"text1noticias\">\t\t<\/span><\/p>\n<p><span class=\"text1noticias\">  <\/span><\/p>\n<\/p>\n<p><span class=\"text1noticias\">Par\u00eds, 4 feb (PL) El primer ministro griego, Alexis Tsipras, afirm\u00f3 hoy aqu\u00ed que su pa\u00eds no es una amenaza para Europa y se\u00f1al\u00f3 que la estabilidad en la Uni\u00f3n Europea (UE) presupone un cambio de pol\u00edtica econ\u00f3mica.<\/span><\/p>\n<\/p>\n<p><span class=\"text1noticias\">Tras ser recibido en la sede de la Presidencia por el mandatario franc\u00e9s, Fran\u00e7ois Hollande, el pol\u00edtico heleno subray\u00f3 en una conferencia de prensa conjunta que las propuestas que est\u00e1 presentando a los l\u00edderes europeos son realistas y pueden conducir a un acuerdo viable.<\/span><\/p>\n<\/p>\n<p><span class=\"text1noticias\">Tsipras inst\u00f3 a Francia a jugar un papel de garante del crecimiento de la Uni\u00f3n, al tiempo que manifest\u00f3 la importancia de tener garant\u00edas sobre una base de igualdad entre los pa\u00edses miembros.<\/span><\/p>\n<\/p>\n<p><span class=\"text1noticias\">Insisti\u00f3 en la necesidad de luchar contra el desempleo, la evasi\u00f3n fiscal y volver al crecimiento.<\/span><\/p>\n<\/p>\n<p><span class=\"text1noticias\">Por su parte, Hollande manifest\u00f3 estar de acuerdo con el primer ministro griego en que Europa sea m\u00e1s solidaria y en favorecer el crecimiento.<\/span><\/p>\n<\/p>\n<p><span class=\"text1noticias\">Asimismo opin\u00f3 que es importante el respeto a las reglas europeas y a los acuerdos, en particular sobre la deuda, a la vez que expres\u00f3 que la v\u00eda del di\u00e1logo es esencial en aras de avanzar.<\/span><\/p>\n<\/p>\n<p><span class=\"text1noticias\">Tsipras comenz\u00f3 el lunes un periplo que lo ha llevado a varias naciones europeas como Chipre e Italia. Este mi\u00e9rcoles en la ma\u00f1ana se reuni\u00f3 en Bruselas con el presidente del Parlamento Europeo, Martin Schulz.<\/span><\/p>\n<\/p>\n<p><span class=\"text1noticias\">Seg\u00fan trascendi\u00f3, el jefe de Gobierno heleno se mostr\u00f3 muy esperanzado en un arreglo viable y mutuamente ventajoso con la Comisi\u00f3n Europea CE, el \u00f3rgano ejecutivo de la UE.<\/span><\/p>\n<\/p>\n<p><span class=\"text1noticias\">El nuevo gobierno de Atenas busca renegociar la deuda de uno 300 mil millones de d\u00f3lares, que equivale al 175 por ciento de su Producto Interno Bruto del pa\u00eds, y dejar atr\u00e1s las fuertes pol\u00edticas de austeridad aplicadas por el anterior gobierno conservador.<\/span><\/p>\n<\/p>\n<h6> 2015-02-04 13:38:01 <\/h6>\n<p><!--\n<link rel=\"stylesheet\" href=\"css\/bootstrap.min.css\">\n\n\n<ul class=\"pagination\">\n\t    \n\t\n\n<li >\n\t<a href='?page_no=25013'>Previous<\/a>\n\t<\/li>\n\n\n       \n    \n\n<li><a href='?page_no=1'>1<\/a><\/li>\n\n\n\n<li><a href='?page_no=2'>2<\/a><\/li>\n\n\n\n<li><a>...<\/a><\/li>\n\n\n\n<li><a href='?page_no=25012'>25012<\/a><\/li>\n\n\n\n<li><a href='?page_no=25013'>25013<\/a><\/li>\n\n\n\n<li class='active'><a>25014<\/a><\/li>\n\n\n\n<li><a href='?page_no=25015'>25015<\/a><\/li>\n\n\n\n<li><a href='?page_no=25016'>25016<\/a><\/li>\n\n\n\n<li><a>...<\/a><\/li>\n\n\n\n<li><a href='?page_no=51012'>51012<\/a><\/li>\n\n\n\n<li><a href='?page_no=51013'>51013<\/a><\/li>\n\n    \n\t\n\n<li >\n\t<a href='?page_no=25015'>Next<\/a>\n\t<\/li>\n\n\n    \n\n<li><a href='?page_no=51013'>Last &rsaquo;&rsaquo;<\/a><\/li>\n\n<\/ul>\n\n\n--><br \/>\n<\/body><\/p>\n","protected":false},"excerpt":{"rendered":"<p>Par\u00eds, 4 feb (PL) El primer ministro griego, Alexis Tsipras, afirm\u00f3 hoy aqu\u00ed que su pa\u00eds no es una amenaza para Europa y se\u00f1al\u00f3 que la estabilidad en la Uni\u00f3n Europea (UE) presupone un cambio de pol\u00edtica econ\u00f3mica. Tras ser recibido en la sede de la Presidencia por el mandatario franc\u00e9s, Fran\u00e7ois Hollande, el pol\u00edtico [&hellip;]<\/p>\n","protected":false},"author":3,"featured_media":0,"comment_status":"open","ping_status":"open","sticky":false,"template":"","format":"standard","meta":{"footnotes":""},"categories":[23],"tags":[],"class_list":["post-255369","post","type-post","status-publish","format-standard","hentry","category-internacional"],"_links":{"self":[{"href":"https:\/\/diariodominicano.com\/index.php?rest_route=\/wp\/v2\/posts\/255369","targetHints":{"allow":["GET"]}}],"collection":[{"href":"https:\/\/diariodominicano.com\/index.php?rest_route=\/wp\/v2\/posts"}],"about":[{"href":"https:\/\/diariodominicano.com\/index.php?rest_route=\/wp\/v2\/types\/post"}],"author":[{"embeddable":true,"href":"https:\/\/diariodominicano.com\/index.php?rest_route=\/wp\/v2\/users\/3"}],"replies":[{"embeddable":true,"href":"https:\/\/diariodominicano.com\/index.php?rest_route=%2Fwp%2Fv2%2Fcomments&post=255369"}],"version-history":[{"count":0,"href":"https:\/\/diariodominicano.com\/index.php?rest_route=\/wp\/v2\/posts\/255369\/revisions"}],"wp:attachment":[{"href":"https:\/\/diariodominicano.com\/index.php?rest_route=%2Fwp%2Fv2%2Fmedia&parent=255369"}],"wp:term":[{"taxonomy":"category","embeddable":true,"href":"https:\/\/diariodominicano.com\/index.php?rest_route=%2Fwp%2Fv2%2Fcategories&post=255369"},{"taxonomy":"post_tag","embeddable":true,"href":"https:\/\/diariodominicano.com\/index.php?rest_route=%2Fwp%2Fv2%2Ftags&post=255369"}],"curies":[{"name":"wp","href":"https:\/\/api.w.org\/{rel}","templated":true}]}}