{"id":255368,"date":"2015-02-04T13:41:11","date_gmt":"2015-02-04T13:41:11","guid":{"rendered":"http:\/\/diariodominicano.ddns.net\/?p=255368"},"modified":"2015-02-04T13:41:11","modified_gmt":"2015-02-04T13:41:11","slug":"se-acabo-el-mundo-unipolar-afirmo-en-china-presidenta-argentina","status":"publish","type":"post","link":"https:\/\/diariodominicano.com\/?p=255368","title":{"rendered":"&#13;&#13;Se acab\u00f3 el mundo unipolar, afirm\u00f3 en China presidenta argentina\t\t\t&#13;"},"content":{"rendered":"<p><body><\/p>\n<p><img decoding=\"async\" src=\"img3\/cristina-china3.jpg\" \/>  <\/p>\n<\/p>\n<\/p>\n<p><span class=\"text1noticias\">Buenos Aires, 4 feb (PL) La presidenta argentina, Cristina Fern\u00e1ndez, afirm\u00f3 hoy en China, que se acab\u00f3 el mundo unipolar y se abre una etapa en la que los pa\u00edses emergentes juegan un importante papel en crear un mundo m\u00e1s justo.<\/span><\/p>\n<\/p>\n<p><span class=\"text1noticias\">La mandataria hizo esa afirmaci\u00f3n en una v\u00eddeoconferencia desde Beijing, transmitida aqu\u00ed en vivo, en la que encabez\u00f3 la firma de inicio de las obras de las represas hidroel\u00e9ctricas N\u00e9stor Kirchner y Jorge Cepernic.<\/span><\/p>\n<\/p>\n<p><span class=\"text1noticias\">Fern\u00e1ndez asever\u00f3 que \u00abse acab\u00f3 el mundo unipolar; entramos en una nueva era de multipolaridad en la que las naciones emergentes juegan un papel cada vez m\u00e1s preponderante en los designios de la humanidad y en la construcci\u00f3n de un mundo m\u00e1s justo y equitativo\u00bb.<\/span><\/p>\n<\/p>\n<p><span class=\"text1noticias\">Uno de los acuerdos durante su visita fue la concesi\u00f3n por el gobierno chino de la primera partida por 287,7 millones de dolares del monto de la inversi\u00f3n pactada para emprender los trabajos constructivos de esas dos gigantescas hidroel\u00e9ctricas.<\/span><\/p>\n<\/p>\n<p><span class=\"text1noticias\">Difundido aqu\u00ed por canales de la televisi\u00f3n argentina, en la v\u00eddeoconferencia participaron Daniel Peralta, gobernador de la sure\u00f1a provincia de Santa Cruz, donde se construir\u00e1n los dos importantes proyectos hidr\u00e1ulicos; y otros funcionarios locales.<\/span><\/p>\n<\/p>\n<p><span class=\"text1noticias\">La Presidenta resalt\u00f3 el encuentro que sostuvo con su par chino, Xi Jinping, y la firma de 15 acuerdos que profundizan los nexos bilaterales, lo cual consider\u00f3 trascendental.<\/span><\/p>\n<\/p>\n<p><span class=\"text1noticias\">Cristina Fern\u00e1ndez afirm\u00f3 que hoy ha sido un d\u00eda muy importante para Argentina, no solo por la orden de inicio de las dos represas y los 15 convenios, sino porque acord\u00f3 con Xi elevar el nivel de las relaciones bilaterales de nexos estrat\u00e9gicos a alianza estrat\u00e9gica integral.<\/span><\/p>\n<\/p>\n<p><span class=\"text1noticias\">\u00abEste es el principio de un largo camino en el desarrollo de las relaciones entre dos pa\u00edses que tienen una gran complementaridad\u00bb, afirm\u00f3 la mandataria, quien estuvo flanqueada en la videoconferencia por los ministros de Econom\u00eda y de Planificaci\u00f3n, Axel Kicillof y Julio De Vido, respectivamente.<\/span><\/p>\n<\/p>\n<p><span class=\"text1noticias\">En la firma hoy de los 15 convenios y del trascendente acuerdo para una alianza estrat\u00e9gica integral, el jefe de Estado chino asegur\u00f3 que \u00abcon Argentina somos socios en el desarrollo\u00bb.<\/span><\/p>\n<\/p>\n<p><span class=\"text1noticias\">Entre los convenios rubricados est\u00e1n los de cooperaci\u00f3n en materia espacial, nuclear, uso pac\u00edfico de la energ\u00eda at\u00f3mica, las comunicaciones, asistencia penal, creaci\u00f3n de un foro de negocios, emisi\u00f3n de visas de turismo, salud y ciencias m\u00e9dicas, y en el \u00e1mbito bancario.<\/span><\/p>\n<\/p>\n<p><span class=\"text1noticias\">La Presidenta afirm\u00f3 que la integraci\u00f3n con China ha dado un salto cualitativo, no solo a trav\u00e9s del comercio, sino tambi\u00e9n por el apoyo que ambos pa\u00edses se han brindado en los foros internacionales, en reclamos como el de Malvinas o el reconocimiento de una sola China.<\/span><\/p>\n<\/p>\n<p><span class=\"text1noticias\">Consider\u00f3 las represas Kircher y Cepernic como \u00ablas obras m\u00e1s importantes de toda nuestra historia\u00bb.<\/span><\/p>\n<\/p>\n<p><span class=\"text1noticias\">Mencion\u00f3 que hasta ahora lo eran la binacional Yacyret\u00e1, con Paraguay; y Salto Grande, con Uruguay; en cambio, las hidroel\u00e9ctricas a levantarse sobre el r\u00edo Santa Cruz ser\u00e1n \u00edntegramente nacionales. Ambas tendr\u00e1n un poder de generaci\u00f3n de mil 740 megavatios.<\/span><\/p>\n<\/p>\n<h6> 2015-02-04 13:41:11 <\/h6>\n<p><!--\n<link rel=\"stylesheet\" href=\"css\/bootstrap.min.css\">\n\n\n<ul class=\"pagination\">\n\t    \n\t\n\n<li >\n\t<a href='?page_no=25012'>Previous<\/a>\n\t<\/li>\n\n\n       \n    \n\n<li><a href='?page_no=1'>1<\/a><\/li>\n\n\n\n<li><a href='?page_no=2'>2<\/a><\/li>\n\n\n\n<li><a>...<\/a><\/li>\n\n\n\n<li><a href='?page_no=25011'>25011<\/a><\/li>\n\n\n\n<li><a href='?page_no=25012'>25012<\/a><\/li>\n\n\n\n<li class='active'><a>25013<\/a><\/li>\n\n\n\n<li><a href='?page_no=25014'>25014<\/a><\/li>\n\n\n\n<li><a href='?page_no=25015'>25015<\/a><\/li>\n\n\n\n<li><a>...<\/a><\/li>\n\n\n\n<li><a href='?page_no=51012'>51012<\/a><\/li>\n\n\n\n<li><a href='?page_no=51013'>51013<\/a><\/li>\n\n    \n\t\n\n<li >\n\t<a href='?page_no=25014'>Next<\/a>\n\t<\/li>\n\n\n    \n\n<li><a href='?page_no=51013'>Last &rsaquo;&rsaquo;<\/a><\/li>\n\n<\/ul>\n\n\n--><br \/>\n<\/body><\/p>\n","protected":false},"excerpt":{"rendered":"<p>Buenos Aires, 4 feb (PL) La presidenta argentina, Cristina Fern\u00e1ndez, afirm\u00f3 hoy en China, que se acab\u00f3 el mundo unipolar y se abre una etapa en la que los pa\u00edses emergentes juegan un importante papel en crear un mundo m\u00e1s justo. La mandataria hizo esa afirmaci\u00f3n en una v\u00eddeoconferencia desde Beijing, transmitida aqu\u00ed en vivo, [&hellip;]<\/p>\n","protected":false},"author":3,"featured_media":0,"comment_status":"open","ping_status":"open","sticky":false,"template":"","format":"standard","meta":{"footnotes":""},"categories":[23],"tags":[],"class_list":["post-255368","post","type-post","status-publish","format-standard","hentry","category-internacional"],"_links":{"self":[{"href":"https:\/\/diariodominicano.com\/index.php?rest_route=\/wp\/v2\/posts\/255368","targetHints":{"allow":["GET"]}}],"collection":[{"href":"https:\/\/diariodominicano.com\/index.php?rest_route=\/wp\/v2\/posts"}],"about":[{"href":"https:\/\/diariodominicano.com\/index.php?rest_route=\/wp\/v2\/types\/post"}],"author":[{"embeddable":true,"href":"https:\/\/diariodominicano.com\/index.php?rest_route=\/wp\/v2\/users\/3"}],"replies":[{"embeddable":true,"href":"https:\/\/diariodominicano.com\/index.php?rest_route=%2Fwp%2Fv2%2Fcomments&post=255368"}],"version-history":[{"count":0,"href":"https:\/\/diariodominicano.com\/index.php?rest_route=\/wp\/v2\/posts\/255368\/revisions"}],"wp:attachment":[{"href":"https:\/\/diariodominicano.com\/index.php?rest_route=%2Fwp%2Fv2%2Fmedia&parent=255368"}],"wp:term":[{"taxonomy":"category","embeddable":true,"href":"https:\/\/diariodominicano.com\/index.php?rest_route=%2Fwp%2Fv2%2Fcategories&post=255368"},{"taxonomy":"post_tag","embeddable":true,"href":"https:\/\/diariodominicano.com\/index.php?rest_route=%2Fwp%2Fv2%2Ftags&post=255368"}],"curies":[{"name":"wp","href":"https:\/\/api.w.org\/{rel}","templated":true}]}}