{"id":255367,"date":"2015-02-04T13:49:00","date_gmt":"2015-02-04T13:49:00","guid":{"rendered":"http:\/\/diariodominicano.ddns.net\/?p=255367"},"modified":"2015-02-04T13:49:00","modified_gmt":"2015-02-04T13:49:00","slug":"putin-insta-a-combatir-tergiversaciones-sobre-segunda-guerra-mundial","status":"publish","type":"post","link":"https:\/\/diariodominicano.com\/?p=255367","title":{"rendered":"&#13;Putin insta a combatir tergiversaciones sobre Segunda Guerra Mundial"},"content":{"rendered":"<p><body><\/p>\n<p><img decoding=\"async\" src=\"img3\/putin-rusia.jpg\" \/>  <\/p>\n<p><span class=\"text1noticias\">\t\t<\/span><\/p>\n<\/p>\n<p><span class=\"text1noticias\">  <\/span><\/p>\n<\/p>\n<p><span class=\"text1noticias\">Mosc\u00fa, 4 feb (PL) El presidente de Rusia, Vladimir Putin, llam\u00f3 hoy en una carta a un firme enfrentamiento a los intentos de falsificar acontecimientos hist\u00f3ricos e inst\u00f3 a defender la verdad sobre la Segunda Guerra Mundial (1941-1945).<\/span><\/p>\n<\/p>\n<p><span class=\"text1noticias\">La misiva fue le\u00edda en la inauguraci\u00f3n de la conferencia \u00abYalta 1945: pasado, presente y futuro\u00bb, realizada a prop\u00f3sito del encuentro hace 70 a\u00f1os en esa localidad de los l\u00edderes de la coalici\u00f3n anti hitleriana Iosif Stalin (Uni\u00f3n Sovi\u00e9tica), Franklin D. Roosevelt (Estados Unidos) y Winston Churchill (Reino Unido).<\/span><\/p>\n<\/p>\n<p><span class=\"text1noticias\">Delante de nuestros ojos se desarrolla una campa\u00f1a para la revisi\u00f3n de los resultados de la Segunda Guerra Mundial y disminuir el aporte del Ej\u00e9rcito Rojo en la Gran Victoria, escribi\u00f3 el l\u00edder ruso, seg\u00fan el Primer canal de la televisi\u00f3n.<\/span><\/p>\n<\/p>\n<p><span class=\"text1noticias\">En alusi\u00f3n a recientes tergiversaciones sobre el tema de los gobernantes ucranianos y del canciller polaco, Grzegorz Sheytyna, el gobernante advirti\u00f3 que Mosc\u00fa \u00abno puede quedarse de brazos cruzados\u00bb.<\/span><\/p>\n<\/p>\n<p><span class=\"text1noticias\">\u00abTenemos que luchar con firmeza contra todo intento de falsificar la historia y defender la verdad\u00bb, dijo en relaci\u00f3n con el conflicto que cost\u00f3 cerca de 27 millones de vidas y la destrucci\u00f3n de las zonas m\u00e1s desarrolladas de aquella federaci\u00f3n de rep\u00fablicas socialistas.<\/span><\/p>\n<\/p>\n<p><span class=\"text1noticias\">La misiva de Putin sale al paso a declaraciones en la prensa del jefe de la diplomacia polaca, quien sostuvo que el campo de concentraci\u00f3n nazi de Auschwitz-Birkenau \u00abfue liberado por ucranianos\u00bb, con la intenci\u00f3n de minimizar el papel del Ej\u00e9rcito Rojo sovi\u00e9tico.<\/span><\/p>\n<\/p>\n<p><span class=\"text1noticias\">Con posterioridad, al pronunciar un discurso en el acto multinacional por el aniversario 70 de la liberaci\u00f3n del reclusorio donde murieron millones de personas, el presidente ucraniano, Petro Poroshenko, ratific\u00f3 las afirmaciones de Sheytyna.<\/span><\/p>\n<\/p>\n<p><span class=\"text1noticias\">Por su parte, el primer ministro de Ucrania, Arseni Yatseniuk, reiter\u00f3 el 7 de enero \u00faltimo en una entrevista a la televisora alemana ARD que entre 1941 y 1945 ocurri\u00f3 \u00abuna intervenci\u00f3n sovi\u00e9tica en Ucrania y Alemania\u00bb.<\/span><\/p>\n<\/p>\n<p><span class=\"text1noticias\">Tras una protesta de la canciller\u00eda rusa, Berl\u00edn se distanci\u00f3 de la declaraci\u00f3n de Yatseniuk y dej\u00f3 clara su postura mediante una intervenci\u00f3n ante la prensa del portavoz del Ministerio de Asuntos Exteriores, Martin Schaefer.<\/span><\/p>\n<\/p>\n<p><span class=\"text1noticias\">Pese a justificar el derecho del visitante a la \u00ablibertad de expresi\u00f3n\u00bb, el vocero enfatiz\u00f3 en que la postura de Alemania sobre esta parte de la historia est\u00e1 clara y no va a sufrir cambios en absoluto.<\/span><\/p>\n<\/p>\n<p><span class=\"text1noticias\">En aquel per\u00edodo \u00abla Alemania nazi llev\u00f3 a cabo una horrible guerra de conquista contra la Uni\u00f3n Sovi\u00e9tica\u00bb, subray\u00f3.<\/span><\/p>\n<\/p>\n<p><span class=\"text1noticias\">\u00abEs imposible olvidar los delitos y los da\u00f1os que provoc\u00f3 aquella guerra bajo la \u00e9gida de Alemania, causando sufrimientos extraordinarios de numerosos rusos, ucranianos y otras personas de la Un\u00f3n Sov\u00e9tica\u00bb, concluy\u00f3 el portavoz germano, <\/span><\/p>\n<\/p>\n<h6> 2015-02-04 13:49:00 <\/h6>\n<p><!--\n<link rel=\"stylesheet\" href=\"css\/bootstrap.min.css\">\n\n\n<ul class=\"pagination\">\n\t    \n\t\n\n<li >\n\t<a href='?page_no=25011'>Previous<\/a>\n\t<\/li>\n\n\n       \n    \n\n<li><a href='?page_no=1'>1<\/a><\/li>\n\n\n\n<li><a href='?page_no=2'>2<\/a><\/li>\n\n\n\n<li><a>...<\/a><\/li>\n\n\n\n<li><a href='?page_no=25010'>25010<\/a><\/li>\n\n\n\n<li><a href='?page_no=25011'>25011<\/a><\/li>\n\n\n\n<li class='active'><a>25012<\/a><\/li>\n\n\n\n<li><a href='?page_no=25013'>25013<\/a><\/li>\n\n\n\n<li><a href='?page_no=25014'>25014<\/a><\/li>\n\n\n\n<li><a>...<\/a><\/li>\n\n\n\n<li><a href='?page_no=51012'>51012<\/a><\/li>\n\n\n\n<li><a href='?page_no=51013'>51013<\/a><\/li>\n\n    \n\t\n\n<li >\n\t<a href='?page_no=25013'>Next<\/a>\n\t<\/li>\n\n\n    \n\n<li><a href='?page_no=51013'>Last &rsaquo;&rsaquo;<\/a><\/li>\n\n<\/ul>\n\n\n--><br \/>\n<\/body><\/p>\n","protected":false},"excerpt":{"rendered":"<p>Mosc\u00fa, 4 feb (PL) El presidente de Rusia, Vladimir Putin, llam\u00f3 hoy en una carta a un firme enfrentamiento a los intentos de falsificar acontecimientos hist\u00f3ricos e inst\u00f3 a defender la verdad sobre la Segunda Guerra Mundial (1941-1945). La misiva fue le\u00edda en la inauguraci\u00f3n de la conferencia \u00abYalta 1945: pasado, presente y futuro\u00bb, realizada [&hellip;]<\/p>\n","protected":false},"author":3,"featured_media":0,"comment_status":"open","ping_status":"open","sticky":false,"template":"","format":"standard","meta":{"footnotes":""},"categories":[23],"tags":[],"class_list":["post-255367","post","type-post","status-publish","format-standard","hentry","category-internacional"],"_links":{"self":[{"href":"https:\/\/diariodominicano.com\/index.php?rest_route=\/wp\/v2\/posts\/255367","targetHints":{"allow":["GET"]}}],"collection":[{"href":"https:\/\/diariodominicano.com\/index.php?rest_route=\/wp\/v2\/posts"}],"about":[{"href":"https:\/\/diariodominicano.com\/index.php?rest_route=\/wp\/v2\/types\/post"}],"author":[{"embeddable":true,"href":"https:\/\/diariodominicano.com\/index.php?rest_route=\/wp\/v2\/users\/3"}],"replies":[{"embeddable":true,"href":"https:\/\/diariodominicano.com\/index.php?rest_route=%2Fwp%2Fv2%2Fcomments&post=255367"}],"version-history":[{"count":0,"href":"https:\/\/diariodominicano.com\/index.php?rest_route=\/wp\/v2\/posts\/255367\/revisions"}],"wp:attachment":[{"href":"https:\/\/diariodominicano.com\/index.php?rest_route=%2Fwp%2Fv2%2Fmedia&parent=255367"}],"wp:term":[{"taxonomy":"category","embeddable":true,"href":"https:\/\/diariodominicano.com\/index.php?rest_route=%2Fwp%2Fv2%2Fcategories&post=255367"},{"taxonomy":"post_tag","embeddable":true,"href":"https:\/\/diariodominicano.com\/index.php?rest_route=%2Fwp%2Fv2%2Ftags&post=255367"}],"curies":[{"name":"wp","href":"https:\/\/api.w.org\/{rel}","templated":true}]}}