{"id":255365,"date":"2015-02-04T22:08:10","date_gmt":"2015-02-04T22:08:10","guid":{"rendered":"http:\/\/diariodominicano.ddns.net\/?p=255365"},"modified":"2015-02-04T22:08:10","modified_gmt":"2015-02-04T22:08:10","slug":"nominado-para-jefe-de-defensa-de-eeuu-promete-reforzar-seguridad-en-un-mundo-peligroso","status":"publish","type":"post","link":"https:\/\/diariodominicano.com\/?p=255365","title":{"rendered":"Nominado para jefe de defensa de EEUU promete reforzar seguridad en un \u00abmundo peligroso\u00bb"},"content":{"rendered":"<p><body><\/p>\n<p><img decoding=\"async\" src=\"img3\/obama.jpg\" \/>  <\/p>\n<p><span class=\"text1noticias\">WASHINGTON, 5 feb (Xinhua) &#8212; El nominado del presidente de Estados Unidos Barack Obama para el cargo de secretario de Defensa prometi\u00f3 hoy proteger al pa\u00eds y a sus aliados en un mundo turbulento.<\/span><\/p>\n<p><span class=\"text1noticias\"> <\/span><\/p>\n<p><span class=\"text1noticias\">Ash Carter, quien se desempe\u00f1\u00f3 como subsecretario de Defensa de octubre de 2011 a diciembre de 2013, dijo a los miembros del Comit\u00e9 de las Fuerzas Armadas del Senado que de ser confirmado como secretario de Defensa, sus responsabilidades ser\u00e1n proteger a Estados Unidos y sus amigos y aliados en un mundo turbulento y peligroso.<\/span><\/p>\n<p><span class=\"text1noticias\"> <\/span><\/p>\n<p><span class=\"text1noticias\">Los peligros incluyen constantes turbulencias en Medio Oriente y el norte de \u00c1frica, \u00abel terrorismo maligno y salvaje\u00bb que emana de la regi\u00f3n, la actual guerra en Afganist\u00e1n y una regresi\u00f3n a la vieja forma de pensar en la seguridad en partes de Europa, dijo Carter en su comparecencia de confirmaci\u00f3n en el Senado.<\/span><\/p>\n<p><span class=\"text1noticias\"> <\/span><\/p>\n<p><span class=\"text1noticias\">Los peligros para Estados Unidos y sus aliados y amigos tambi\u00e9n podr\u00edan surgir de antiguas tensiones y r\u00e1pidos cambios en Asia, por lo que hay una constante necesidad en relaci\u00f3n con el papel de estabilizaci\u00f3n de Estados Unidos en la regi\u00f3n y el continuo imperativo de combatir la propagaci\u00f3n o uso de las armas de destrucci\u00f3n masiva, dijo Carter al Senado.<\/span><\/p>\n<p><span class=\"text1noticias\"> <\/span><\/p>\n<p><span class=\"text1noticias\">\u00abLa estrategia\u00bb, a\u00f1adi\u00f3 Carter, \u00abtiene que mantener todos estos problemas en perspectiva y elaborar enfoques duraderos para cada uno de ellos\u00bb.<\/span><\/p>\n<p><span class=\"text1noticias\"> <\/span><\/p>\n<p><span class=\"text1noticias\">Carter dijo que prometi\u00f3 al presidente que como secretario de Defensa ofrecer\u00eda a Obama su m\u00e1s sincero consejo estrat\u00e9g<\/span>ico. <\/p>\n<h6> 2015-02-04 22:08:10 <\/h6>\n<p><!--\n<link rel=\"stylesheet\" href=\"css\/bootstrap.min.css\">\n\n\n<ul class=\"pagination\">\n\t    \n\t\n\n<li >\n\t<a href='?page_no=25009'>Previous<\/a>\n\t<\/li>\n\n\n       \n    \n\n<li><a href='?page_no=1'>1<\/a><\/li>\n\n\n\n<li><a href='?page_no=2'>2<\/a><\/li>\n\n\n\n<li><a>...<\/a><\/li>\n\n\n\n<li><a href='?page_no=25008'>25008<\/a><\/li>\n\n\n\n<li><a href='?page_no=25009'>25009<\/a><\/li>\n\n\n\n<li class='active'><a>25010<\/a><\/li>\n\n\n\n<li><a href='?page_no=25011'>25011<\/a><\/li>\n\n\n\n<li><a href='?page_no=25012'>25012<\/a><\/li>\n\n\n\n<li><a>...<\/a><\/li>\n\n\n\n<li><a href='?page_no=51012'>51012<\/a><\/li>\n\n\n\n<li><a href='?page_no=51013'>51013<\/a><\/li>\n\n    \n\t\n\n<li >\n\t<a href='?page_no=25011'>Next<\/a>\n\t<\/li>\n\n\n    \n\n<li><a href='?page_no=51013'>Last &rsaquo;&rsaquo;<\/a><\/li>\n\n<\/ul>\n\n\n--><br \/>\n<\/body><\/p>\n","protected":false},"excerpt":{"rendered":"<p>WASHINGTON, 5 feb (Xinhua) &#8212; El nominado del presidente de Estados Unidos Barack Obama para el cargo de secretario de Defensa prometi\u00f3 hoy proteger al pa\u00eds y a sus aliados en un mundo turbulento. Ash Carter, quien se desempe\u00f1\u00f3 como subsecretario de Defensa de octubre de 2011 a diciembre de 2013, dijo a los miembros [&hellip;]<\/p>\n","protected":false},"author":3,"featured_media":0,"comment_status":"open","ping_status":"open","sticky":false,"template":"","format":"standard","meta":{"footnotes":""},"categories":[23],"tags":[],"class_list":["post-255365","post","type-post","status-publish","format-standard","hentry","category-internacional"],"_links":{"self":[{"href":"https:\/\/diariodominicano.com\/index.php?rest_route=\/wp\/v2\/posts\/255365","targetHints":{"allow":["GET"]}}],"collection":[{"href":"https:\/\/diariodominicano.com\/index.php?rest_route=\/wp\/v2\/posts"}],"about":[{"href":"https:\/\/diariodominicano.com\/index.php?rest_route=\/wp\/v2\/types\/post"}],"author":[{"embeddable":true,"href":"https:\/\/diariodominicano.com\/index.php?rest_route=\/wp\/v2\/users\/3"}],"replies":[{"embeddable":true,"href":"https:\/\/diariodominicano.com\/index.php?rest_route=%2Fwp%2Fv2%2Fcomments&post=255365"}],"version-history":[{"count":0,"href":"https:\/\/diariodominicano.com\/index.php?rest_route=\/wp\/v2\/posts\/255365\/revisions"}],"wp:attachment":[{"href":"https:\/\/diariodominicano.com\/index.php?rest_route=%2Fwp%2Fv2%2Fmedia&parent=255365"}],"wp:term":[{"taxonomy":"category","embeddable":true,"href":"https:\/\/diariodominicano.com\/index.php?rest_route=%2Fwp%2Fv2%2Fcategories&post=255365"},{"taxonomy":"post_tag","embeddable":true,"href":"https:\/\/diariodominicano.com\/index.php?rest_route=%2Fwp%2Fv2%2Ftags&post=255365"}],"curies":[{"name":"wp","href":"https:\/\/api.w.org\/{rel}","templated":true}]}}