{"id":255363,"date":"2015-02-05T10:56:31","date_gmt":"2015-02-05T10:56:31","guid":{"rendered":"http:\/\/diariodominicano.ddns.net\/?p=255363"},"modified":"2015-02-05T10:56:31","modified_gmt":"2015-02-05T10:56:31","slug":"el-papa-francisco-exige-a-los-obispos-que-no-encubran-los-casos-de-pederastia","status":"publish","type":"post","link":"https:\/\/diariodominicano.com\/?p=255363","title":{"rendered":"El papa Francisco \u00abexige\u00bb a los obispos que no encubran los casos de pederastia"},"content":{"rendered":"<p><body><\/p>\n<p><img decoding=\"async\" src=\"img3\/si 5.jpg\" \/><br \/><img decoding=\"async\" src=\"img3\/no 5.jpg\" \/>  <\/p>\n<p>Ciudad del Vaticano, Italia 5 febrero.- &#8211;  El papa Francisco exigi\u00f3 en una carta solemne a los obispos y responsables religiosos cat\u00f3licos en todo el mundo que no encubran por ning\u00fan motivo casos de pederastia, un fen\u00f3meno que afecta en manera diferente a la Iglesia de todos los continentes.<\/p>\n<\/p>\n<p>\u00abNo hay absolutamente lugar en el ministerio para los que abusan de los menores\u00bb, escribi\u00f3 el papa en la carta, divulgada este jueves, v\u00edspera de la primera reuni\u00f3n en el Vaticano de una comisi\u00f3n de expertos de todo el mundo para la protecci\u00f3n de los menores.<\/p>\n<\/p>\n<p>\u00abLas familias deben saber que la Iglesia no escatima esfuerzo alguno para proteger a sus hijos, y tienen el derecho de dirigirse a ella con plena confianza, porque es una casa segura. Por tanto, no se podr\u00e1 dar prioridad a ning\u00fan otro tipo de consideraci\u00f3n, de la naturaleza que sea, como, por ejemplo, el deseo de evitar el esc\u00e1ndalo\u00bb, advierte el papa argentino.<\/p>\n<\/p>\n<p>Francisco se comprometi\u00f3 desde su llegada al trono de Pedro a luchar contra la pederastia y puso en marcha una comisi\u00f3n para la protecci\u00f3n de la infancia de la que forman parte dos v\u00edctimas, la irlandesa Mary Collins y el brit\u00e1nico Peter Sanders.<\/p>\n<\/p>\n<p>La comisi\u00f3n, presidida por el cardenal Sean O?Mally, tiene 16 miembros (nueve hombres y siete mujeres) e incluye tanto a religiosos como a laicos. Francisco intercedi\u00f3 personalmente el mes pasado en el caso de diez curas acusados de pederastia en Espa\u00f1a tras haber sido alertado a trav\u00e9s de una carta enviada directamente al pont\u00edfice, quien suele leer y responder personalmente su correspondencia.<\/p>\n<\/p>\n<p>Se trata del mayor esc\u00e1ndalo conocido de este tipo dentro de la Iglesia espa\u00f1ola. La v\u00edctima, un joven de 25 a\u00f1os, asegur\u00f3 haber sido violada y forzada a participar en actos sexuales en la ciudad andaluza de Granada cuando era ni\u00f1o.<\/p>\n<\/p>\n<p>El tema de los abusos sexuales a menores cometidos por d\u00e9cadas por curas es el m\u00e1s delicado y complejo para la jerarqu\u00eda de la Iglesia cat\u00f3lica, acusada de haber encubierto a curas ped\u00f3filos. En los \u00faltimos 20 a\u00f1os han sido denunciados miles de casos de abusos sexuales a ni\u00f1os y adolescentes por parte de curas, en particular en Irlanda y Estados Unidos, en general cometidos entre los a\u00f1os 1960 y los a\u00f1os 1990.<\/p>\n<\/p>\n<p>A pesar de las nuevas directivas del Vaticano, las asociaciones de v\u00edctimas, como la estadounidense SNAP, siguen criticando al Vaticano y piden en particular que se hagan p\u00fablicas las investigaciones internas de la Iglesia sobre algunos curas. Respetando la l\u00ednea de su predecesor, el papa em\u00e9rito Benedicto XVI, Francisco ratific\u00f3 la orden de \u00abtolerancia cero\u00bb de cara al fen\u00f3meno e invit\u00f3 a fijar criterios.<\/p>\n<\/p>\n<h6> 2015-02-05 10:56:31 <\/h6>\n<p><!--\n<link rel=\"stylesheet\" href=\"css\/bootstrap.min.css\">\n\n\n<ul class=\"pagination\">\n\t    \n\t\n\n<li >\n\t<a href='?page_no=25007'>Previous<\/a>\n\t<\/li>\n\n\n       \n    \n\n<li><a href='?page_no=1'>1<\/a><\/li>\n\n\n\n<li><a href='?page_no=2'>2<\/a><\/li>\n\n\n\n<li><a>...<\/a><\/li>\n\n\n\n<li><a href='?page_no=25006'>25006<\/a><\/li>\n\n\n\n<li><a href='?page_no=25007'>25007<\/a><\/li>\n\n\n\n<li class='active'><a>25008<\/a><\/li>\n\n\n\n<li><a href='?page_no=25009'>25009<\/a><\/li>\n\n\n\n<li><a href='?page_no=25010'>25010<\/a><\/li>\n\n\n\n<li><a>...<\/a><\/li>\n\n\n\n<li><a href='?page_no=51012'>51012<\/a><\/li>\n\n\n\n<li><a href='?page_no=51013'>51013<\/a><\/li>\n\n    \n\t\n\n<li >\n\t<a href='?page_no=25009'>Next<\/a>\n\t<\/li>\n\n\n    \n\n<li><a href='?page_no=51013'>Last &rsaquo;&rsaquo;<\/a><\/li>\n\n<\/ul>\n\n\n--><br \/>\n<\/body><\/p>\n","protected":false},"excerpt":{"rendered":"<p>Ciudad del Vaticano, Italia 5 febrero.- &#8211; El papa Francisco exigi\u00f3 en una carta solemne a los obispos y responsables religiosos cat\u00f3licos en todo el mundo que no encubran por ning\u00fan motivo casos de pederastia, un fen\u00f3meno que afecta en manera diferente a la Iglesia de todos los continentes. \u00abNo hay absolutamente lugar en el [&hellip;]<\/p>\n","protected":false},"author":3,"featured_media":0,"comment_status":"open","ping_status":"open","sticky":false,"template":"","format":"standard","meta":{"footnotes":""},"categories":[23],"tags":[],"class_list":["post-255363","post","type-post","status-publish","format-standard","hentry","category-internacional"],"_links":{"self":[{"href":"https:\/\/diariodominicano.com\/index.php?rest_route=\/wp\/v2\/posts\/255363","targetHints":{"allow":["GET"]}}],"collection":[{"href":"https:\/\/diariodominicano.com\/index.php?rest_route=\/wp\/v2\/posts"}],"about":[{"href":"https:\/\/diariodominicano.com\/index.php?rest_route=\/wp\/v2\/types\/post"}],"author":[{"embeddable":true,"href":"https:\/\/diariodominicano.com\/index.php?rest_route=\/wp\/v2\/users\/3"}],"replies":[{"embeddable":true,"href":"https:\/\/diariodominicano.com\/index.php?rest_route=%2Fwp%2Fv2%2Fcomments&post=255363"}],"version-history":[{"count":0,"href":"https:\/\/diariodominicano.com\/index.php?rest_route=\/wp\/v2\/posts\/255363\/revisions"}],"wp:attachment":[{"href":"https:\/\/diariodominicano.com\/index.php?rest_route=%2Fwp%2Fv2%2Fmedia&parent=255363"}],"wp:term":[{"taxonomy":"category","embeddable":true,"href":"https:\/\/diariodominicano.com\/index.php?rest_route=%2Fwp%2Fv2%2Fcategories&post=255363"},{"taxonomy":"post_tag","embeddable":true,"href":"https:\/\/diariodominicano.com\/index.php?rest_route=%2Fwp%2Fv2%2Ftags&post=255363"}],"curies":[{"name":"wp","href":"https:\/\/api.w.org\/{rel}","templated":true}]}}