{"id":255362,"date":"2015-02-05T13:46:12","date_gmt":"2015-02-05T13:46:12","guid":{"rendered":"http:\/\/diariodominicano.ddns.net\/?p=255362"},"modified":"2015-02-05T13:46:12","modified_gmt":"2015-02-05T13:46:12","slug":"reciben-en-eurocamara-a-padres-de-estudiantes-mexicanos-desaparecidos","status":"publish","type":"post","link":"https:\/\/diariodominicano.com\/?p=255362","title":{"rendered":"&#13;&#13;Reciben en Euroc\u00e1mara a padres de estudiantes mexicanos desaparecidos"},"content":{"rendered":"<p><body><\/p>\n<p><img decoding=\"async\" src=\"img3\/desaparecidos-padres-europa.jpg\" \/>  <\/p>\n<\/p>\n<p><span class=\"text1noticias\">Bruselas, 5 feb (PL) El Parlamento Europeo recibi\u00f3 hoy a los representantes del comit\u00e9 de Padres y Madres de los 43 estudiantes desparecidos en Ayotzinapa, M\u00e9xico, Hilda Legide\u00f1o Vargas y Bernab\u00e9 Abrajan Gaspar.<\/span><\/p>\n<\/p>\n<p><span class=\"text1noticias\">Los padres fueron escuchados en la Subcomisi\u00f3n de Derechos Humanos de la Euroc\u00e1mara, inform\u00f3 la bancada izquierdista GUE\/NGL en un comunicado de prensa.<\/span><\/p>\n<\/p>\n<p><span class=\"text1noticias\">En el encuentro se propusieron medidas concretas como destinar una parte del dinero otorgado por la Uni\u00f3n Europea a M\u00e9xico para una investigaci\u00f3n independiente sobre el caso de los 43 estudiantes desaparecidos el 26 de septiembre del 2014.<\/span><\/p>\n<\/p>\n<p><span class=\"text1noticias\">Luego de la audiencia, una conferencia de prensa tuvo lugar junto con la vicepresidenta de la Euroc\u00e1mara y varios eurodiputados que siguen de cerca la terrible situaci\u00f3n de los derechos humanos en M\u00e9xico.<\/span><\/p>\n<\/p>\n<p><span class=\"text1noticias\">Durante la rueda de prensa, Legide\u00f1o Vargas expuso que el motivo de esta gira europea es pedir justicia por su hijo y sus compa\u00f1eros de estudio, quienes fueron desaparecidos hace cuatro meses por la polic\u00eda mexicana.<\/span><\/p>\n<\/p>\n<p><span class=\"text1noticias\">Hasta ahora, las autoridades no han resuelto el caso y buscan cerrarlo, agreg\u00f3.<\/span><\/p>\n<p><span class=\"text1noticias\">Seg\u00fan la exponente, el caso de Iguala s\u00f3lo puede explicarse como desaparici\u00f3n forzada.<\/span><\/p>\n<\/p>\n<p><span class=\"text1noticias\">Gaspar Abraj\u00e1n, padre del normalista Ad\u00e1n Abraj\u00e1n, dijo que \u00abnuestros hijos son campesinos, como nosotros, los mandamos a la escuela para que no sufrieran como sus padres que trabajamos desde que sale el sol.\u00bb <\/span><\/p>\n<\/p>\n<p><span class=\"text1noticias\">La procuradur\u00eda mexicana intent\u00f3 entregar a los padres cuerpos que no eran, declar\u00f3.<\/span><\/p>\n<\/p>\n<p><span class=\"text1noticias\">\u00abPara nosotros la delincuencia y el gobierno son lo mismo, pero ya perdimos el miedo\u00bb, a\u00f1adi\u00f3.<\/span><\/p>\n<\/p>\n<p><span class=\"text1noticias\">Por su parte, la vicepresidenta del Parlamento Europeo, Ulrike Lunacek, quien abri\u00f3 la conferencia de prensa, afirm\u00f3 que no se puede aceptar que la justicia mexicana cierre un caso tan horrendo, sin esclarecer toda la cadena de mando.<\/span><\/p>\n<\/p>\n<p><span class=\"text1noticias\">Tambi\u00e9n demand\u00f3 indagar a fondo la colusi\u00f3n entre las autoridades y el crimen organizado.<\/span><\/p>\n<\/p>\n<p><span class=\"text1noticias\">\u00abHay que romper el c\u00edrculo vicioso de la impunidad\u00bb, subray\u00f3.<\/span><\/p>\n<\/p>\n<p><span class=\"text1noticias\">El asunto no es condenar a algunos chivos expiatorios, sino a toda la cadena de mando de este crimen, desde muy arriba hasta abajo, concluy\u00f3.<\/span><\/p>\n<\/p>\n<h6> 2015-02-05 13:46:12 <\/h6>\n<p><!--\n<link rel=\"stylesheet\" href=\"css\/bootstrap.min.css\">\n\n\n<ul class=\"pagination\">\n\t    \n\t\n\n<li >\n\t<a href='?page_no=25006'>Previous<\/a>\n\t<\/li>\n\n\n       \n    \n\n<li><a href='?page_no=1'>1<\/a><\/li>\n\n\n\n<li><a href='?page_no=2'>2<\/a><\/li>\n\n\n\n<li><a>...<\/a><\/li>\n\n\n\n<li><a href='?page_no=25005'>25005<\/a><\/li>\n\n\n\n<li><a href='?page_no=25006'>25006<\/a><\/li>\n\n\n\n<li class='active'><a>25007<\/a><\/li>\n\n\n\n<li><a href='?page_no=25008'>25008<\/a><\/li>\n\n\n\n<li><a href='?page_no=25009'>25009<\/a><\/li>\n\n\n\n<li><a>...<\/a><\/li>\n\n\n\n<li><a href='?page_no=51012'>51012<\/a><\/li>\n\n\n\n<li><a href='?page_no=51013'>51013<\/a><\/li>\n\n    \n\t\n\n<li >\n\t<a href='?page_no=25008'>Next<\/a>\n\t<\/li>\n\n\n    \n\n<li><a href='?page_no=51013'>Last &rsaquo;&rsaquo;<\/a><\/li>\n\n<\/ul>\n\n\n--><br \/>\n<\/body><\/p>\n","protected":false},"excerpt":{"rendered":"<p>Bruselas, 5 feb (PL) El Parlamento Europeo recibi\u00f3 hoy a los representantes del comit\u00e9 de Padres y Madres de los 43 estudiantes desparecidos en Ayotzinapa, M\u00e9xico, Hilda Legide\u00f1o Vargas y Bernab\u00e9 Abrajan Gaspar. Los padres fueron escuchados en la Subcomisi\u00f3n de Derechos Humanos de la Euroc\u00e1mara, inform\u00f3 la bancada izquierdista GUE\/NGL en un comunicado de [&hellip;]<\/p>\n","protected":false},"author":3,"featured_media":0,"comment_status":"open","ping_status":"open","sticky":false,"template":"","format":"standard","meta":{"footnotes":""},"categories":[23],"tags":[],"class_list":["post-255362","post","type-post","status-publish","format-standard","hentry","category-internacional"],"_links":{"self":[{"href":"https:\/\/diariodominicano.com\/index.php?rest_route=\/wp\/v2\/posts\/255362","targetHints":{"allow":["GET"]}}],"collection":[{"href":"https:\/\/diariodominicano.com\/index.php?rest_route=\/wp\/v2\/posts"}],"about":[{"href":"https:\/\/diariodominicano.com\/index.php?rest_route=\/wp\/v2\/types\/post"}],"author":[{"embeddable":true,"href":"https:\/\/diariodominicano.com\/index.php?rest_route=\/wp\/v2\/users\/3"}],"replies":[{"embeddable":true,"href":"https:\/\/diariodominicano.com\/index.php?rest_route=%2Fwp%2Fv2%2Fcomments&post=255362"}],"version-history":[{"count":0,"href":"https:\/\/diariodominicano.com\/index.php?rest_route=\/wp\/v2\/posts\/255362\/revisions"}],"wp:attachment":[{"href":"https:\/\/diariodominicano.com\/index.php?rest_route=%2Fwp%2Fv2%2Fmedia&parent=255362"}],"wp:term":[{"taxonomy":"category","embeddable":true,"href":"https:\/\/diariodominicano.com\/index.php?rest_route=%2Fwp%2Fv2%2Fcategories&post=255362"},{"taxonomy":"post_tag","embeddable":true,"href":"https:\/\/diariodominicano.com\/index.php?rest_route=%2Fwp%2Fv2%2Ftags&post=255362"}],"curies":[{"name":"wp","href":"https:\/\/api.w.org\/{rel}","templated":true}]}}