{"id":255361,"date":"2015-02-05T13:52:37","date_gmt":"2015-02-05T13:52:37","guid":{"rendered":"http:\/\/diariodominicano.ddns.net\/?p=255361"},"modified":"2015-02-05T13:52:37","modified_gmt":"2015-02-05T13:52:37","slug":"ue-ampliara-lista-negra-contra-rusia-por-crisis-ucraniana","status":"publish","type":"post","link":"https:\/\/diariodominicano.com\/?p=255361","title":{"rendered":"&#13;&#13;UE ampliar\u00e1 lista negra contra Rusia por crisis ucraniana"},"content":{"rendered":"<p><body><\/p>\n<p><img decoding=\"async\" src=\"img3\/union-europea-ucrania.jpg\" \/>  <\/p>\n<\/p>\n<p>Bruselas, 5 feb (PL) Los embajadores de los 28 miembros de la Uni\u00f3n Europea (UE) analizan hoy una propuesta para ampliar con 19 personalidades y nueve entidades una lista negra de castigo a Rusia por su posici\u00f3n en la crisis ucraniana.<\/p>\n<\/p>\n<p>l listado, cuyos afectados carecer\u00e1n de derecho a ingresar a la UE y se les congelan cuentas en bancos comunitarios, incluye hasta ahora a 132 personas, destaca la televisi\u00f3n capitalina.<\/p>\n<\/p>\n<p>La propuesta de los embajadores ser\u00e1 debatida el pr\u00f3ximo lunes en el consejo de ministros de Relaciones Exteriores de la UE, en esta urbe.<\/p>\n<\/p>\n<p>Con el aumento de la relaci\u00f3n de los castigados, entre ellos cinco rusos y 14 dirigentes de las autoproclamadas rep\u00fablicas ucranianas de Donetsk y Lugansk, adem\u00e1s de una empresa rusa y cuatro de esas regiones, el bloque busca reforzar las sanciones a Rusia.<\/p>\n<\/p>\n<p>Mosc\u00fa rechaz\u00f3 la llegada al poder hace un a\u00f1o de un gobierno ultraderechista, tras un golpe de Estado realizado contra el entonces presidente Viktor Yanukovich y con apoyo de paramilitares neofascistas, muchos de ellos integrados a la Guardia Nacional.<\/p>\n<\/p>\n<p>El anuncio del refuerzo por la UE de las restricciones contra el estado euroasi\u00e1tico ocurre tras el lanzamiento de una nueva ofensiva por parte del Ej\u00e9rcito y la Guardia Nacional contra la poblaci\u00f3n sublevada en el sureste ucraniano.<\/p>\n<\/p>\n<p>Los bombardeos de la artiller\u00eda y la aviaci\u00f3n contra zonas residenciales en Donetsk destruyeron al menos un hospital y causaron muertos entre una caravana humanitaria que evacuaba refugiados de zonas de combate, destaca la prensa local.<\/p>\n<\/p>\n<p>Cerca de siete mil personas, en su gran mayor\u00eda civiles, perdieron la vida en el sureste de Ucrania, despu\u00e9s que sus fuerzas armadas iniciaron operaciones de castigo en esa regi\u00f3n, en abril de 2014.<\/p>\n<\/p>\n<p>Rusia denuncia que el gobierno del presidente millonario Piotr Poroshenko aprovech\u00f3 una tregua pactada en Minsk en septiembre \u00faltimo para reagrupar fuerzas y proseguir con la guerra, en detrimento de esfuerzos internacionales para buscar la paz<\/p>\n<h6> 2015-02-05 13:52:37 <\/h6>\n<p><!--\n<link rel=\"stylesheet\" href=\"css\/bootstrap.min.css\">\n\n\n<ul class=\"pagination\">\n\t    \n\t\n\n<li >\n\t<a href='?page_no=25005'>Previous<\/a>\n\t<\/li>\n\n\n       \n    \n\n<li><a href='?page_no=1'>1<\/a><\/li>\n\n\n\n<li><a href='?page_no=2'>2<\/a><\/li>\n\n\n\n<li><a>...<\/a><\/li>\n\n\n\n<li><a href='?page_no=25004'>25004<\/a><\/li>\n\n\n\n<li><a href='?page_no=25005'>25005<\/a><\/li>\n\n\n\n<li class='active'><a>25006<\/a><\/li>\n\n\n\n<li><a href='?page_no=25007'>25007<\/a><\/li>\n\n\n\n<li><a href='?page_no=25008'>25008<\/a><\/li>\n\n\n\n<li><a>...<\/a><\/li>\n\n\n\n<li><a href='?page_no=51012'>51012<\/a><\/li>\n\n\n\n<li><a href='?page_no=51013'>51013<\/a><\/li>\n\n    \n\t\n\n<li >\n\t<a href='?page_no=25007'>Next<\/a>\n\t<\/li>\n\n\n    \n\n<li><a href='?page_no=51013'>Last &rsaquo;&rsaquo;<\/a><\/li>\n\n<\/ul>\n\n\n--><br \/>\n<\/body><\/p>\n","protected":false},"excerpt":{"rendered":"<p>Bruselas, 5 feb (PL) Los embajadores de los 28 miembros de la Uni\u00f3n Europea (UE) analizan hoy una propuesta para ampliar con 19 personalidades y nueve entidades una lista negra de castigo a Rusia por su posici\u00f3n en la crisis ucraniana. l listado, cuyos afectados carecer\u00e1n de derecho a ingresar a la UE y se [&hellip;]<\/p>\n","protected":false},"author":3,"featured_media":0,"comment_status":"open","ping_status":"open","sticky":false,"template":"","format":"standard","meta":{"footnotes":""},"categories":[23],"tags":[],"class_list":["post-255361","post","type-post","status-publish","format-standard","hentry","category-internacional"],"_links":{"self":[{"href":"https:\/\/diariodominicano.com\/index.php?rest_route=\/wp\/v2\/posts\/255361","targetHints":{"allow":["GET"]}}],"collection":[{"href":"https:\/\/diariodominicano.com\/index.php?rest_route=\/wp\/v2\/posts"}],"about":[{"href":"https:\/\/diariodominicano.com\/index.php?rest_route=\/wp\/v2\/types\/post"}],"author":[{"embeddable":true,"href":"https:\/\/diariodominicano.com\/index.php?rest_route=\/wp\/v2\/users\/3"}],"replies":[{"embeddable":true,"href":"https:\/\/diariodominicano.com\/index.php?rest_route=%2Fwp%2Fv2%2Fcomments&post=255361"}],"version-history":[{"count":0,"href":"https:\/\/diariodominicano.com\/index.php?rest_route=\/wp\/v2\/posts\/255361\/revisions"}],"wp:attachment":[{"href":"https:\/\/diariodominicano.com\/index.php?rest_route=%2Fwp%2Fv2%2Fmedia&parent=255361"}],"wp:term":[{"taxonomy":"category","embeddable":true,"href":"https:\/\/diariodominicano.com\/index.php?rest_route=%2Fwp%2Fv2%2Fcategories&post=255361"},{"taxonomy":"post_tag","embeddable":true,"href":"https:\/\/diariodominicano.com\/index.php?rest_route=%2Fwp%2Fv2%2Ftags&post=255361"}],"curies":[{"name":"wp","href":"https:\/\/api.w.org\/{rel}","templated":true}]}}