{"id":255359,"date":"2015-02-05T14:05:54","date_gmt":"2015-02-05T14:05:54","guid":{"rendered":"http:\/\/diariodominicano.ddns.net\/?p=255359"},"modified":"2015-02-05T14:05:54","modified_gmt":"2015-02-05T14:05:54","slug":"mitad-pasajeros-muertos-en-accidente-aviacion-de-china-continental","status":"publish","type":"post","link":"https:\/\/diariodominicano.com\/?p=255359","title":{"rendered":"&#13;&#13;&#13;Mitad pasajeros muertos en accidente aviaci\u00f3n de China continental"},"content":{"rendered":"<p><body><\/p>\n<p><img decoding=\"async\" src=\"img3\/transasia.jpg\" \/>  <\/p>\n<p><span class=\"text1noticias\">\t\t<\/span><\/p>\n<p><span class=\"text1noticias\">  <\/span><\/p>\n<\/p>\n<p><span class=\"text1noticias\">Beijing, 5 feb (PL) Las autoridades de Taiw\u00e1n confirmaron hoy que 16 de las 31 personas muertas durante un accidente de aviaci\u00f3n ocurrido el mi\u00e9rcoles en Taipei eran turistas de China continental y que otros tres de id\u00e9ntica procedencia est\u00e1n heridos.<\/span><\/p>\n<\/p>\n<p><span class=\"text1noticias\">Hasta la ma\u00f1ana del mi\u00e9rcoles el fatal accidente hab\u00eda cobrado 31 vidas y ocasionado 15 heridos, mientras los restantes 12 se encuentran a\u00fan desaparecidos.<\/span><\/p>\n<\/p>\n<p><span class=\"text1noticias\">El viaje de la TransAsia Airways, la primera compa\u00f1\u00eda privada de Taiw\u00e1n fundada en 1951 para dar servicios en distancias cortas, fue realizado en un avi\u00f3n ATR-72 y se dirig\u00eda de Taipei al archipi\u00e9lago de Kinmen.<\/span><\/p>\n<\/p>\n<p><span class=\"text1noticias\">Debido a que este avi\u00f3n comercial impulsado por dos motores turboh\u00e9lices ha tenido otros accidentes en los \u00faltimos a\u00f1os, el aeropuerto Songshan de Taipei cancel\u00f3 hoy ocho vuelos locales previstos en este tipo de aeronave y decidi\u00f3 hacer una revisi\u00f3n exhaustiva..<\/span><\/p>\n<\/p>\n<p><span class=\"text1noticias\">De acuerdo con las informaciones desde Taipei los cad\u00e1veres del capit\u00e1n y dos copilotos fueron hallados y se recuperaron las dos cajas negras del avi\u00f3n del r\u00edo Keelung, donde se precipit\u00f3 el avi\u00f3n luego de rozar con una de sus alas un taxi que transitaba por una autopista ubicada en una elevaci\u00f3n.<\/span><\/p>\n<\/p>\n<p><span class=\"text1noticias\">Entretanto, familiares de los pasajeros de China continental a bordo del avi\u00f3n siniestrado viajaron hoy hacia Taipei procedentes de la ciudad de Xiamen, donde se hab\u00eda organizado el viaje tur\u00edstico hacia la isla vecina.<\/span><\/p>\n<h6> 2015-02-05 14:05:54 <\/h6>\n<p><!--\n<link rel=\"stylesheet\" href=\"css\/bootstrap.min.css\">\n\n\n<ul class=\"pagination\">\n\t    \n\t\n\n<li >\n\t<a href='?page_no=25003'>Previous<\/a>\n\t<\/li>\n\n\n       \n    \n\n<li><a href='?page_no=1'>1<\/a><\/li>\n\n\n\n<li><a href='?page_no=2'>2<\/a><\/li>\n\n\n\n<li><a>...<\/a><\/li>\n\n\n\n<li><a href='?page_no=25002'>25002<\/a><\/li>\n\n\n\n<li><a href='?page_no=25003'>25003<\/a><\/li>\n\n\n\n<li class='active'><a>25004<\/a><\/li>\n\n\n\n<li><a href='?page_no=25005'>25005<\/a><\/li>\n\n\n\n<li><a href='?page_no=25006'>25006<\/a><\/li>\n\n\n\n<li><a>...<\/a><\/li>\n\n\n\n<li><a href='?page_no=51012'>51012<\/a><\/li>\n\n\n\n<li><a href='?page_no=51013'>51013<\/a><\/li>\n\n    \n\t\n\n<li >\n\t<a href='?page_no=25005'>Next<\/a>\n\t<\/li>\n\n\n    \n\n<li><a href='?page_no=51013'>Last &rsaquo;&rsaquo;<\/a><\/li>\n\n<\/ul>\n\n\n--><br \/>\n<\/body><\/p>\n","protected":false},"excerpt":{"rendered":"<p>Beijing, 5 feb (PL) Las autoridades de Taiw\u00e1n confirmaron hoy que 16 de las 31 personas muertas durante un accidente de aviaci\u00f3n ocurrido el mi\u00e9rcoles en Taipei eran turistas de China continental y que otros tres de id\u00e9ntica procedencia est\u00e1n heridos. Hasta la ma\u00f1ana del mi\u00e9rcoles el fatal accidente hab\u00eda cobrado 31 vidas y ocasionado [&hellip;]<\/p>\n","protected":false},"author":3,"featured_media":0,"comment_status":"open","ping_status":"open","sticky":false,"template":"","format":"standard","meta":{"footnotes":""},"categories":[23],"tags":[],"class_list":["post-255359","post","type-post","status-publish","format-standard","hentry","category-internacional"],"_links":{"self":[{"href":"https:\/\/diariodominicano.com\/index.php?rest_route=\/wp\/v2\/posts\/255359","targetHints":{"allow":["GET"]}}],"collection":[{"href":"https:\/\/diariodominicano.com\/index.php?rest_route=\/wp\/v2\/posts"}],"about":[{"href":"https:\/\/diariodominicano.com\/index.php?rest_route=\/wp\/v2\/types\/post"}],"author":[{"embeddable":true,"href":"https:\/\/diariodominicano.com\/index.php?rest_route=\/wp\/v2\/users\/3"}],"replies":[{"embeddable":true,"href":"https:\/\/diariodominicano.com\/index.php?rest_route=%2Fwp%2Fv2%2Fcomments&post=255359"}],"version-history":[{"count":0,"href":"https:\/\/diariodominicano.com\/index.php?rest_route=\/wp\/v2\/posts\/255359\/revisions"}],"wp:attachment":[{"href":"https:\/\/diariodominicano.com\/index.php?rest_route=%2Fwp%2Fv2%2Fmedia&parent=255359"}],"wp:term":[{"taxonomy":"category","embeddable":true,"href":"https:\/\/diariodominicano.com\/index.php?rest_route=%2Fwp%2Fv2%2Fcategories&post=255359"},{"taxonomy":"post_tag","embeddable":true,"href":"https:\/\/diariodominicano.com\/index.php?rest_route=%2Fwp%2Fv2%2Ftags&post=255359"}],"curies":[{"name":"wp","href":"https:\/\/api.w.org\/{rel}","templated":true}]}}