{"id":255358,"date":"2015-02-05T14:40:31","date_gmt":"2015-02-05T14:40:31","guid":{"rendered":"http:\/\/diariodominicano.ddns.net\/?p=255358"},"modified":"2015-02-05T14:40:31","modified_gmt":"2015-02-05T14:40:31","slug":"iran-tilda-de-salvaje-y-oman-de-criminal-asesinato-de-piloto-jordano","status":"publish","type":"post","link":"https:\/\/diariodominicano.com\/?p=255358","title":{"rendered":"&#13;&#13;Ir\u00e1n tilda de salvaje y Om\u00e1n de criminal asesinato de piloto jordano"},"content":{"rendered":"<p><body><\/p>\n<p><img decoding=\"async\" src=\"img3\/piloto-jordano-quemado.jpg\" \/>  <\/p>\n<p><span class=\"text1noticias\">\t\t<\/span><\/p>\n<p><span class=\"text1noticias\">  <\/span><\/p>\n<\/p>\n<p><span class=\"text1noticias\">Teher\u00e1n, 5 feb (PL) Ir\u00e1n calific\u00f3 hoy de salvaje la decisi\u00f3n del Estado Isl\u00e1mico (EI) de quemar vivo al piloto jordano Mouath Al-Kassasbeh, mientras Om\u00e1n y otros pa\u00edses \u00e1rabes la consideraron un acto criminal ajeno al esp\u00edritu del Islam.<\/span><\/p>\n<\/p>\n<p><span class=\"text1noticias\">En un editorial difundido por la agencia oficial de noticias IRNA, la rep\u00fablica isl\u00e1mica se\u00f1al\u00f3 que el fuego que quem\u00f3 al militar del reino hashemita \u00abha devorado ya al mundo isl\u00e1mico y cobra dimensiones a diario\u00bb.<\/span><\/p>\n<\/p>\n<p><span class=\"text1noticias\">\u00abEs el fuego de la ignorancia y la brutalidad en el nombre de Dios y de un profeta que disemina compasi\u00f3n y apaciguamiento\u00bb, agreg\u00f3 el texto, que al mismo tiempo llama a movilizar fuerzas y recursos para combatir a la organizaci\u00f3n \u00abtakfirista\u00bb (terrorista isl\u00e1mica sunnita) en Iraq y Siria.<\/span><\/p>\n<\/p>\n<p><span class=\"text1noticias\">Al-Kassasbeh fue quemado vivo dentro de una jaula por los yihadistas en la ciudad siria de Raqqa, la misma donde fue capturado el 24 de diciembre pasado cuando su avi\u00f3n se estrell\u00f3 mientras participaba en operaciones militares como parte de la coalici\u00f3n internacional que encabeza Estados Unidos.<\/span><\/p>\n<\/p>\n<p><span class=\"text1noticias\">Si bien se desconoce la fecha exacta de su ejecuci\u00f3n, la divulgaci\u00f3n por el EI de un video esta semana gener\u00f3 airadas reacciones de repulsa en Ir\u00e1n y la totalidad de naciones \u00e1rabes y musulmanas de Medio Oriente y el mundo.<\/span><\/p>\n<\/p>\n<p><span class=\"text1noticias\">La dureza del hecho se increment\u00f3 cuando el video de un acto b\u00e1rbaro y vergonzoso fue trasmitido por los terroristas en el ciberespacio, a\u00f1adi\u00f3 IRNA.<\/span><\/p>\n<\/p>\n<p><span class=\"text1noticias\">\u00abAl hacer eso, los terroristas de DAESH (nombre \u00e1rabe del EI) desvelan una vez m\u00e1s su rostro feo y probaron que son la principal causa de la islamofobia. El grupo difama al Islam y su verdadero heraldo en nombre del Islam\u00bb, acot\u00f3.<\/span><\/p>\n<\/p>\n<p><span class=\"text1noticias\">El consejero especial del presidente iran\u00ed para las minor\u00edas \u00e9tnicas y tribales, Ali Yunesi, remarc\u00f3 que el DAESH y el Talib\u00e1n son movimientos falsos que nada tienen que ver con el Islam y, al igual que sus ramificaciones como Boko Haram y Al-Shababha, son financiados y dirigidos por enemigos de esa fe.<\/span><\/p>\n<\/p>\n<p><span class=\"text1noticias\">Por su lado, la canciller\u00eda de Om\u00e1n dijo recibir con \u00abprofundo dolor\u00bb la noticia de la ejecuci\u00f3n del piloto y conden\u00f3 en duros t\u00e9rminos el \u00abacto criminal que refleja una malicia inherente, organiza al terrorismo contra todos los musulmanes y va contra la ley divina y lo sagrado del alma humana\u00bb.<\/span><\/p>\n<\/p>\n<p><span class=\"text1noticias\">Este jueves, el peri\u00f3dico emirat\u00ed The Gulf Today se\u00f1al\u00f3 en un editorial que la matanza \u00abrepugnante e inhumana\u00bb del joven de 26 a\u00f1os por el EI \u00abseguramente representa una escalada brutal de ese grupo cuyos objetivos diab\u00f3licos se han tornado obvios\u00bb.<\/span><\/p>\n<\/p>\n<p><span class=\"text1noticias\">Record\u00f3 el rotativo que tal forma de asesinato es \u00ababominable\u00bb bajo la religi\u00f3n musulmana, criterios compartidos en distintos mensajes de condena por los gobiernos de El L\u00edbano, el movimiento de resistencia chiita de ese pa\u00eds Hizbulah (Partido de Dios) y organismos regionales e internacionales.<\/span><\/p>\n<\/p>\n<h6> 2015-02-05 14:40:31 <\/h6>\n<p><!--\n<link rel=\"stylesheet\" href=\"css\/bootstrap.min.css\">\n\n\n<ul class=\"pagination\">\n\t    \n\t\n\n<li >\n\t<a href='?page_no=25002'>Previous<\/a>\n\t<\/li>\n\n\n       \n    \n\n<li><a href='?page_no=1'>1<\/a><\/li>\n\n\n\n<li><a href='?page_no=2'>2<\/a><\/li>\n\n\n\n<li><a>...<\/a><\/li>\n\n\n\n<li><a href='?page_no=25001'>25001<\/a><\/li>\n\n\n\n<li><a href='?page_no=25002'>25002<\/a><\/li>\n\n\n\n<li class='active'><a>25003<\/a><\/li>\n\n\n\n<li><a href='?page_no=25004'>25004<\/a><\/li>\n\n\n\n<li><a href='?page_no=25005'>25005<\/a><\/li>\n\n\n\n<li><a>...<\/a><\/li>\n\n\n\n<li><a href='?page_no=51012'>51012<\/a><\/li>\n\n\n\n<li><a href='?page_no=51013'>51013<\/a><\/li>\n\n    \n\t\n\n<li >\n\t<a href='?page_no=25004'>Next<\/a>\n\t<\/li>\n\n\n    \n\n<li><a href='?page_no=51013'>Last &rsaquo;&rsaquo;<\/a><\/li>\n\n<\/ul>\n\n\n--><br \/>\n<\/body><\/p>\n","protected":false},"excerpt":{"rendered":"<p>Teher\u00e1n, 5 feb (PL) Ir\u00e1n calific\u00f3 hoy de salvaje la decisi\u00f3n del Estado Isl\u00e1mico (EI) de quemar vivo al piloto jordano Mouath Al-Kassasbeh, mientras Om\u00e1n y otros pa\u00edses \u00e1rabes la consideraron un acto criminal ajeno al esp\u00edritu del Islam. En un editorial difundido por la agencia oficial de noticias IRNA, la rep\u00fablica isl\u00e1mica se\u00f1al\u00f3 que [&hellip;]<\/p>\n","protected":false},"author":3,"featured_media":0,"comment_status":"open","ping_status":"open","sticky":false,"template":"","format":"standard","meta":{"footnotes":""},"categories":[23],"tags":[],"class_list":["post-255358","post","type-post","status-publish","format-standard","hentry","category-internacional"],"_links":{"self":[{"href":"https:\/\/diariodominicano.com\/index.php?rest_route=\/wp\/v2\/posts\/255358","targetHints":{"allow":["GET"]}}],"collection":[{"href":"https:\/\/diariodominicano.com\/index.php?rest_route=\/wp\/v2\/posts"}],"about":[{"href":"https:\/\/diariodominicano.com\/index.php?rest_route=\/wp\/v2\/types\/post"}],"author":[{"embeddable":true,"href":"https:\/\/diariodominicano.com\/index.php?rest_route=\/wp\/v2\/users\/3"}],"replies":[{"embeddable":true,"href":"https:\/\/diariodominicano.com\/index.php?rest_route=%2Fwp%2Fv2%2Fcomments&post=255358"}],"version-history":[{"count":0,"href":"https:\/\/diariodominicano.com\/index.php?rest_route=\/wp\/v2\/posts\/255358\/revisions"}],"wp:attachment":[{"href":"https:\/\/diariodominicano.com\/index.php?rest_route=%2Fwp%2Fv2%2Fmedia&parent=255358"}],"wp:term":[{"taxonomy":"category","embeddable":true,"href":"https:\/\/diariodominicano.com\/index.php?rest_route=%2Fwp%2Fv2%2Fcategories&post=255358"},{"taxonomy":"post_tag","embeddable":true,"href":"https:\/\/diariodominicano.com\/index.php?rest_route=%2Fwp%2Fv2%2Ftags&post=255358"}],"curies":[{"name":"wp","href":"https:\/\/api.w.org\/{rel}","templated":true}]}}