{"id":255357,"date":"2015-02-05T14:46:20","date_gmt":"2015-02-05T14:46:20","guid":{"rendered":"http:\/\/diariodominicano.ddns.net\/?p=255357"},"modified":"2015-02-05T14:46:20","modified_gmt":"2015-02-05T14:46:20","slug":"liga-arabe-acusa-a-islamistas-de-cometer-crimenes-contra-la-humanidad","status":"publish","type":"post","link":"https:\/\/diariodominicano.com\/?p=255357","title":{"rendered":"Liga Arabe acusa a islamistas de cometer cr\u00edmenes contra la humanidad"},"content":{"rendered":"<p><body><\/p>\n<p><span class=\"text1noticias\">\t<\/span><\/p>\n<p><span class=\"text1noticias\">  <\/span><\/p>\n<\/p>\n<p><span class=\"text1noticias\">El Cairo, 5 feb (PL) La comunidad internacional debe unirse contra Estado Isl\u00e1mico (EI) que comete cr\u00edmenes contra la humanidad, afirm\u00f3 el secretario general de la Liga Arabe, Nabiel el Arabi, en un texto circulado hoy. <\/span><\/p>\n<\/p>\n<p><span class=\"text1noticias\">Resulta necesario aplicar medidas dr\u00e1sticas para enfrentar a EI, que trata de retrotraernos a las eras oscuras (del medioevo), contra este fen\u00f3meno que amenaza la paz internacional y la seguridad, afirm\u00f3 el funcionario en sus condolencias por la muerte del piloto jordano Muez al Kassasbeh.<\/span><\/p>\n<\/p>\n<p><span class=\"text1noticias\">El aviador fue capturado cuando atacaba posiciones de EI y quemado vivo dentro de una jaula met\u00e1lica en Siria, seg\u00fan una filmaci\u00f3n circulada por Internet, cuando estaban en curso gestiones para cambiarlo por una mujer acusada de planear atentados en la capital jordana.<\/span><\/p>\n<\/p>\n<p><span class=\"text1noticias\">Las afirmaciones de el Arabi se suman a una exhortaci\u00f3n del Sheikh de Al Azhar, la m\u00e1s connotada instituci\u00f3n del Islam sunita, en la que califica la muerte del piloto jordano de \u00abacto diab\u00f3lico\u00bb y subraya que los autores de este crimen \u00abmerecen ser muertos, crucificados o amput\u00e1rseles las extremidades\u00bb.<\/span><\/p>\n<\/p>\n<p><span class=\"text1noticias\">El alto prelado, Ahmed El Tayyeb, la dureza de cuyas formulaciones no tienen precedentes, inst\u00f3 a la comunidad internacional a \u00abcombatir contra el salvajismo b\u00e1rbaro\u00bb de EI \u00abcontrario a las ense\u00f1anzas de Al\u00e1 y de su profeta Mohamed\u00bb.<\/span><\/p>\n<\/p>\n<p><span class=\"text1noticias\">EI es el movimiento armado que ocupa zonas en Iraq y Siria, est\u00e1 implantado en Argelia, T\u00fanez, Libia y Egipto y est\u00e1 considerado subproducto de Al Qaeda, la red creada por Osama bin Laden en Afganist\u00e1n a fines del siglo pasado con asistencia apoyo de la Agencia Central de Inteligencia de Estados Unidos.<\/span><\/p>\n<\/p>\n<h6> 2015-02-05 14:46:20 <\/h6>\n<p><!--\n<link rel=\"stylesheet\" href=\"css\/bootstrap.min.css\">\n\n\n<ul class=\"pagination\">\n\t    \n\t\n\n<li >\n\t<a href='?page_no=25001'>Previous<\/a>\n\t<\/li>\n\n\n       \n    \n\n<li><a href='?page_no=1'>1<\/a><\/li>\n\n\n\n<li><a href='?page_no=2'>2<\/a><\/li>\n\n\n\n<li><a>...<\/a><\/li>\n\n\n\n<li><a href='?page_no=25000'>25000<\/a><\/li>\n\n\n\n<li><a href='?page_no=25001'>25001<\/a><\/li>\n\n\n\n<li class='active'><a>25002<\/a><\/li>\n\n\n\n<li><a href='?page_no=25003'>25003<\/a><\/li>\n\n\n\n<li><a href='?page_no=25004'>25004<\/a><\/li>\n\n\n\n<li><a>...<\/a><\/li>\n\n\n\n<li><a href='?page_no=51012'>51012<\/a><\/li>\n\n\n\n<li><a href='?page_no=51013'>51013<\/a><\/li>\n\n    \n\t\n\n<li >\n\t<a href='?page_no=25003'>Next<\/a>\n\t<\/li>\n\n\n    \n\n<li><a href='?page_no=51013'>Last &rsaquo;&rsaquo;<\/a><\/li>\n\n<\/ul>\n\n\n--><br \/>\n<\/body><\/p>\n","protected":false},"excerpt":{"rendered":"<p>El Cairo, 5 feb (PL) La comunidad internacional debe unirse contra Estado Isl\u00e1mico (EI) que comete cr\u00edmenes contra la humanidad, afirm\u00f3 el secretario general de la Liga Arabe, Nabiel el Arabi, en un texto circulado hoy. Resulta necesario aplicar medidas dr\u00e1sticas para enfrentar a EI, que trata de retrotraernos a las eras oscuras (del medioevo), [&hellip;]<\/p>\n","protected":false},"author":3,"featured_media":0,"comment_status":"open","ping_status":"open","sticky":false,"template":"","format":"standard","meta":{"footnotes":""},"categories":[23],"tags":[],"class_list":["post-255357","post","type-post","status-publish","format-standard","hentry","category-internacional"],"_links":{"self":[{"href":"https:\/\/diariodominicano.com\/index.php?rest_route=\/wp\/v2\/posts\/255357","targetHints":{"allow":["GET"]}}],"collection":[{"href":"https:\/\/diariodominicano.com\/index.php?rest_route=\/wp\/v2\/posts"}],"about":[{"href":"https:\/\/diariodominicano.com\/index.php?rest_route=\/wp\/v2\/types\/post"}],"author":[{"embeddable":true,"href":"https:\/\/diariodominicano.com\/index.php?rest_route=\/wp\/v2\/users\/3"}],"replies":[{"embeddable":true,"href":"https:\/\/diariodominicano.com\/index.php?rest_route=%2Fwp%2Fv2%2Fcomments&post=255357"}],"version-history":[{"count":0,"href":"https:\/\/diariodominicano.com\/index.php?rest_route=\/wp\/v2\/posts\/255357\/revisions"}],"wp:attachment":[{"href":"https:\/\/diariodominicano.com\/index.php?rest_route=%2Fwp%2Fv2%2Fmedia&parent=255357"}],"wp:term":[{"taxonomy":"category","embeddable":true,"href":"https:\/\/diariodominicano.com\/index.php?rest_route=%2Fwp%2Fv2%2Fcategories&post=255357"},{"taxonomy":"post_tag","embeddable":true,"href":"https:\/\/diariodominicano.com\/index.php?rest_route=%2Fwp%2Fv2%2Ftags&post=255357"}],"curies":[{"name":"wp","href":"https:\/\/api.w.org\/{rel}","templated":true}]}}