{"id":255356,"date":"2015-02-05T14:57:29","date_gmt":"2015-02-05T14:57:29","guid":{"rendered":"http:\/\/diariodominicano.ddns.net\/?p=255356"},"modified":"2015-02-05T14:57:29","modified_gmt":"2015-02-05T14:57:29","slug":"francia-endurece-su-arsenal-antiterrorista-a-un-mes-de-los-ataques","status":"publish","type":"post","link":"https:\/\/diariodominicano.com\/?p=255356","title":{"rendered":"&#13;&#13;Francia endurece su arsenal antiterrorista a un mes de los ataques"},"content":{"rendered":"<p><body><\/p>\n<p><img decoding=\"async\" src=\"img3\/francia-seguridad.jpg\" \/>  <\/p>\n<\/p>\n<p><span class=\"text1noticias\">\t<\/span><\/p>\n<p><span class=\"text1noticias\">  <\/span><\/p>\n<\/p>\n<\/p>\n<p><span class=\"text1noticias\">Par\u00eds, 5 feb (PL) A casi un mes de los ataques perpetrados en esta capital, el gobierno franc\u00e9s insiste hoy en hacer de la lucha contra el terrorismo una de sus principales directrices, con el alegado objetivo de garantizar la seguridad nacional.<\/span><\/p>\n<\/p>\n<p><span class=\"text1noticias\">Francia ser\u00e1 implacable en su lucha contra la amenaza terrorista, afirm\u00f3 el presidente Fran\u00e7ois Hollande. Continuaremos haci\u00e9ndolo sean cuales sean la amenazas porque se trata de valores universales y de nuestra propia seguridad\u00bb, a\u00f1adi\u00f3.<\/span><\/p>\n<\/p>\n<p><span class=\"text1noticias\">Entre dichas medidas se encuentra una ley sobre los servicios de informaci\u00f3n que ser\u00e1 presentada al parlamento en marzo y votada antes del verano.<\/span><\/p>\n<\/p>\n<p><span class=\"text1noticias\">Igualmente, el Presidente anunci\u00f3 la entrada en vigor desde el 1 de junio pr\u00f3ximo de un contrato con un servicio universal para los j\u00f3venes y la creaci\u00f3n de una reserva ciudadana para todos los franceses.<\/span><\/p>\n<\/p>\n<p><span class=\"text1noticias\">Seg\u00fan Hollande, tambi\u00e9n impulsar\u00e1n medidas a nivel europeo para vigilar los viajes y la lucha contra la radicalizaci\u00f3n.<\/span><\/p>\n<\/p>\n<p><span class=\"text1noticias\">El 28 de enero pasado el gobierno puso en l\u00ednea un sitio web con el fin de actuar contra la amenaza terrorista que, a juicio del ejecutivo, se encuentra en su nivel m\u00e1s alto.<\/span><\/p>\n<\/p>\n<p><span class=\"text1noticias\">El sitio se compone de cuatro grandes apartados: comprender la amenaza terrorista, la acci\u00f3n del Estado, descifrar la propaganda yihadista y la movilizaci\u00f3n conjunta de toda la sociedad.<\/span><\/p>\n<\/p>\n<p><span class=\"text1noticias\">Seg\u00fan puede leerse en sus p\u00e1ginas web, busca informar a los internautas y prevenir la radicalizaci\u00f3n.<\/span><\/p>\n<\/p>\n<p><span class=\"text1noticias\">La plataforma se destina tambi\u00e9n a las personas susceptibles de incorporarse a acciones de grupos extremistas, y a sus familiares, para quienes dispone un n\u00famero telef\u00f3nico que los ayude.<\/span><\/p>\n<\/p>\n<p><span class=\"text1noticias\">Por esta v\u00eda, los usuarios pueden igualmente denunciar los contenidos en l\u00ednea que hagan apolog\u00eda de terrorismo e informarlo al portal del Ministerio de Interior.<\/span><\/p>\n<\/p>\n<p><span class=\"text1noticias\">Seg\u00fan un informe reciente, la cantidad global de franceses y de residentes en esta naci\u00f3n implicados con el yihadismo aument\u00f3 130 por ciento en el \u00faltimo a\u00f1o.<\/span><\/p>\n<\/p>\n<p><span class=\"text1noticias\">La cifra pas\u00f3 de 555 a mil 281 entre el 1 de enero de 2014 y el 15 de enero de 2015, con lo cual Francia representa el n\u00famero m\u00e1s grande de europeos involucrados en dicha situaci\u00f3n. El gobierno mantiene bajo vigilancia a unos tres mil individuos.<\/span><\/p>\n<\/p>\n<p><span class=\"text1noticias\">Alrededor de 393 individuos partieron en el mismo per\u00edodo a combatir en Siria antes de que la polic\u00eda pudiera interceptarlos.<\/span><\/p>\n<\/p>\n<p><span class=\"text1noticias\">Entre ellos se encuentran mujeres con un promedio de edad de 25 a\u00f1os que, a menudo, van en nombre de ideales humanitarios y son forzadas a la esclavitud sexual.<\/span><\/p>\n<\/p>\n<p><span class=\"text1noticias\">El primer ministro, Manuel Valls, anunci\u00f3 en enero que la suma que destinar\u00e1 en tres a\u00f1os el gobierno para reforzar el combate contra el terrorismo asciende a 425 millones de euros de cr\u00e9ditos suplementarios.<\/span><\/p>\n<\/p>\n<p><span class=\"text1noticias\">Estas medidas se unen a otras ya implementadas como el amplio despliegue de polic\u00edas y militares en lugares que las autoridades consideran sensibles.<\/span><\/p>\n<\/p>\n<p><span class=\"text1noticias\">En ese contexto analistas advierten sobre la posibilidad de que los \u00faltimos acontecimientos sean utilizados para intentar justificar determinadas acciones como la intervenci\u00f3n en conflictos armados en el exterior.<\/span><\/p>\n<\/p>\n<p><span class=\"text1noticias\">A juicio de expertos los riesgos podr\u00edan llegar hasta el punto de provocar serias violaciones de la privacidad de las personas, sobre todo cuando cada vez resulta m\u00e1s dif\u00edcil establecer los l\u00edmites entre el derecho a la informaci\u00f3n y la comunicaci\u00f3n y la necesidad de incrementar los controles con fines de seguridad nacional.<\/span><\/p>\n<\/p>\n<p><span class=\"text1noticias\">La Fuerza A\u00e9rea francesa es parte de la coalici\u00f3n internacional de 40 naciones, 10 de ellas \u00e1rabes, liderada por Estados Unidos, que bombardea zonas ocupadas por el Estado Isl\u00e1mico, el movimiento armado islamista que controla territorios en Iraq y Siria y est\u00e1 implantado en T\u00fanez, Libia y Egipto.<\/span><\/p>\n<\/p>\n<p><span class=\"text1noticias\">Francia participa en las operaciones Barkhane, en la franja sahelo-sahariana; y la Sangaris, en la Rep\u00fablica Centroafricana.<\/span><\/p>\n<\/p>\n<p><span class=\"text1noticias\">El pa\u00eds mantiene tambi\u00e9n bases en Chad, N\u00edger, Costa de Marfil y Djibuti, y en 2010 devolvi\u00f3 oficialmente sus instalaciones a Senegal, pero mantuvo un contingente en esa naci\u00f3n.<\/span><\/p>\n<\/p>\n<h6> 2015-02-05 14:57:29 <\/h6>\n<p><!--\n<link rel=\"stylesheet\" href=\"css\/bootstrap.min.css\">\n\n\n<ul class=\"pagination\">\n\t    \n\t\n\n<li >\n\t<a href='?page_no=25000'>Previous<\/a>\n\t<\/li>\n\n\n       \n    \n\n<li><a href='?page_no=1'>1<\/a><\/li>\n\n\n\n<li><a href='?page_no=2'>2<\/a><\/li>\n\n\n\n<li><a>...<\/a><\/li>\n\n\n\n<li><a href='?page_no=24999'>24999<\/a><\/li>\n\n\n\n<li><a href='?page_no=25000'>25000<\/a><\/li>\n\n\n\n<li class='active'><a>25001<\/a><\/li>\n\n\n\n<li><a href='?page_no=25002'>25002<\/a><\/li>\n\n\n\n<li><a href='?page_no=25003'>25003<\/a><\/li>\n\n\n\n<li><a>...<\/a><\/li>\n\n\n\n<li><a href='?page_no=51012'>51012<\/a><\/li>\n\n\n\n<li><a href='?page_no=51013'>51013<\/a><\/li>\n\n    \n\t\n\n<li >\n\t<a href='?page_no=25002'>Next<\/a>\n\t<\/li>\n\n\n    \n\n<li><a href='?page_no=51013'>Last &rsaquo;&rsaquo;<\/a><\/li>\n\n<\/ul>\n\n\n--><br \/>\n<\/body><\/p>\n","protected":false},"excerpt":{"rendered":"<p>Par\u00eds, 5 feb (PL) A casi un mes de los ataques perpetrados en esta capital, el gobierno franc\u00e9s insiste hoy en hacer de la lucha contra el terrorismo una de sus principales directrices, con el alegado objetivo de garantizar la seguridad nacional. Francia ser\u00e1 implacable en su lucha contra la amenaza terrorista, afirm\u00f3 el presidente [&hellip;]<\/p>\n","protected":false},"author":3,"featured_media":0,"comment_status":"open","ping_status":"open","sticky":false,"template":"","format":"standard","meta":{"footnotes":""},"categories":[23],"tags":[],"class_list":["post-255356","post","type-post","status-publish","format-standard","hentry","category-internacional"],"_links":{"self":[{"href":"https:\/\/diariodominicano.com\/index.php?rest_route=\/wp\/v2\/posts\/255356","targetHints":{"allow":["GET"]}}],"collection":[{"href":"https:\/\/diariodominicano.com\/index.php?rest_route=\/wp\/v2\/posts"}],"about":[{"href":"https:\/\/diariodominicano.com\/index.php?rest_route=\/wp\/v2\/types\/post"}],"author":[{"embeddable":true,"href":"https:\/\/diariodominicano.com\/index.php?rest_route=\/wp\/v2\/users\/3"}],"replies":[{"embeddable":true,"href":"https:\/\/diariodominicano.com\/index.php?rest_route=%2Fwp%2Fv2%2Fcomments&post=255356"}],"version-history":[{"count":0,"href":"https:\/\/diariodominicano.com\/index.php?rest_route=\/wp\/v2\/posts\/255356\/revisions"}],"wp:attachment":[{"href":"https:\/\/diariodominicano.com\/index.php?rest_route=%2Fwp%2Fv2%2Fmedia&parent=255356"}],"wp:term":[{"taxonomy":"category","embeddable":true,"href":"https:\/\/diariodominicano.com\/index.php?rest_route=%2Fwp%2Fv2%2Fcategories&post=255356"},{"taxonomy":"post_tag","embeddable":true,"href":"https:\/\/diariodominicano.com\/index.php?rest_route=%2Fwp%2Fv2%2Ftags&post=255356"}],"curies":[{"name":"wp","href":"https:\/\/api.w.org\/{rel}","templated":true}]}}