{"id":255355,"date":"2015-02-05T15:03:02","date_gmt":"2015-02-05T15:03:02","guid":{"rendered":"http:\/\/diariodominicano.ddns.net\/?p=255355"},"modified":"2015-02-05T15:03:02","modified_gmt":"2015-02-05T15:03:02","slug":"extremistas-lanzan-nueva-ola-de-misiles-contra-la-capital-siria","status":"publish","type":"post","link":"https:\/\/diariodominicano.com\/?p=255355","title":{"rendered":"&#13;&#13;Extremistas lanzan nueva ola de misiles contra la capital siria"},"content":{"rendered":"<p><body><\/p>\n<p><img decoding=\"async\" src=\"img3\/bombardeos-siria.jpg\" \/>  <\/p>\n<p><span class=\"text1noticias\">\t\t<\/span><\/p>\n<p><span class=\"text1noticias\">  <\/span><\/p>\n<\/p>\n<p><span class=\"text1noticias\">Damasco, 5 feb (PL) Decenas de misiles golpearon hoy esta capital, tras las amenazas de grupos extremistas de lanzar una ola de fuego contra la urbe en represalia por las operaciones del ej\u00e9rcito sirio. <\/span><\/p>\n<\/p>\n<p><span class=\"text1noticias\">Desde la oficina de Prensa Latina se escucharon 17 explosiones causadas por los proyectiles, disparados por los radicales desde Guta Oriental, extensa zona colindante con Damasco.<\/span><\/p>\n<\/p>\n<p><span class=\"text1noticias\">Una fuente precis\u00f3 que solo en el vecindario de Mezzeh 86 cayeron 15 misiles.<\/span><\/p>\n<\/p>\n<p><span class=\"text1noticias\">La lluvia de fuego comenz\u00f3 a las 7:25 hora local y golpe\u00f3 a numerosos puntos de esta metr\u00f3polis. Hasta el momento se desconoce el n\u00famero de v\u00edctimas, explic\u00f3.<\/span><\/p>\n<\/p>\n<p><span class=\"text1noticias\">Esta semana, Zahran Allush, cabecilla del Ej\u00e9rcito del Islam, amenaz\u00f3 con nuevos ataques contra Damasco en represalia por las operaciones militares en Guta oriental.<\/span><\/p>\n<\/p>\n<p><span class=\"text1noticias\">Ante esa situaci\u00f3n, las fuerzas armadas reforzaron la seguridad en varias zonas de esta urbe, en especial en el este, \u00e1reas m\u00e1s cercanas al frente de batalla, constat\u00f3 Prensa Latina.<\/span><\/p>\n<\/p>\n<p><span class=\"text1noticias\">En la Ciudad Vieja se intensificaron los puestos de control en torno a sitios muy visitados como el zoco de Hamidiyeh y la vecina Mezquita de los Omeyas.<\/span><\/p>\n<\/p>\n<p><span class=\"text1noticias\">El 26 de enero los irregulates lanzaron \u00e1s 90 misiles contra esta ciudad, lo cual caus\u00f3 la muerte a 11 personas y heridas a otras 59, seg\u00fan cifras oficiales.<\/span><\/p>\n<h6> 2015-02-05 15:03:02 <\/h6>\n<p><!--\n<link rel=\"stylesheet\" href=\"css\/bootstrap.min.css\">\n\n\n<ul class=\"pagination\">\n\t    \n\t\n\n<li >\n\t<a href='?page_no=24999'>Previous<\/a>\n\t<\/li>\n\n\n       \n    \n\n<li><a href='?page_no=1'>1<\/a><\/li>\n\n\n\n<li><a href='?page_no=2'>2<\/a><\/li>\n\n\n\n<li><a>...<\/a><\/li>\n\n\n\n<li><a href='?page_no=24998'>24998<\/a><\/li>\n\n\n\n<li><a href='?page_no=24999'>24999<\/a><\/li>\n\n\n\n<li class='active'><a>25000<\/a><\/li>\n\n\n\n<li><a href='?page_no=25001'>25001<\/a><\/li>\n\n\n\n<li><a href='?page_no=25002'>25002<\/a><\/li>\n\n\n\n<li><a>...<\/a><\/li>\n\n\n\n<li><a href='?page_no=51012'>51012<\/a><\/li>\n\n\n\n<li><a href='?page_no=51013'>51013<\/a><\/li>\n\n    \n\t\n\n<li >\n\t<a href='?page_no=25001'>Next<\/a>\n\t<\/li>\n\n\n    \n\n<li><a href='?page_no=51013'>Last &rsaquo;&rsaquo;<\/a><\/li>\n\n<\/ul>\n\n\n--><br \/>\n<\/body><\/p>\n","protected":false},"excerpt":{"rendered":"<p>Damasco, 5 feb (PL) Decenas de misiles golpearon hoy esta capital, tras las amenazas de grupos extremistas de lanzar una ola de fuego contra la urbe en represalia por las operaciones del ej\u00e9rcito sirio. Desde la oficina de Prensa Latina se escucharon 17 explosiones causadas por los proyectiles, disparados por los radicales desde Guta Oriental, [&hellip;]<\/p>\n","protected":false},"author":3,"featured_media":0,"comment_status":"open","ping_status":"open","sticky":false,"template":"","format":"standard","meta":{"footnotes":""},"categories":[23],"tags":[],"class_list":["post-255355","post","type-post","status-publish","format-standard","hentry","category-internacional"],"_links":{"self":[{"href":"https:\/\/diariodominicano.com\/index.php?rest_route=\/wp\/v2\/posts\/255355","targetHints":{"allow":["GET"]}}],"collection":[{"href":"https:\/\/diariodominicano.com\/index.php?rest_route=\/wp\/v2\/posts"}],"about":[{"href":"https:\/\/diariodominicano.com\/index.php?rest_route=\/wp\/v2\/types\/post"}],"author":[{"embeddable":true,"href":"https:\/\/diariodominicano.com\/index.php?rest_route=\/wp\/v2\/users\/3"}],"replies":[{"embeddable":true,"href":"https:\/\/diariodominicano.com\/index.php?rest_route=%2Fwp%2Fv2%2Fcomments&post=255355"}],"version-history":[{"count":0,"href":"https:\/\/diariodominicano.com\/index.php?rest_route=\/wp\/v2\/posts\/255355\/revisions"}],"wp:attachment":[{"href":"https:\/\/diariodominicano.com\/index.php?rest_route=%2Fwp%2Fv2%2Fmedia&parent=255355"}],"wp:term":[{"taxonomy":"category","embeddable":true,"href":"https:\/\/diariodominicano.com\/index.php?rest_route=%2Fwp%2Fv2%2Fcategories&post=255355"},{"taxonomy":"post_tag","embeddable":true,"href":"https:\/\/diariodominicano.com\/index.php?rest_route=%2Fwp%2Fv2%2Ftags&post=255355"}],"curies":[{"name":"wp","href":"https:\/\/api.w.org\/{rel}","templated":true}]}}