{"id":255351,"date":"2015-02-06T13:50:38","date_gmt":"2015-02-06T13:50:38","guid":{"rendered":"http:\/\/diariodominicano.ddns.net\/?p=255351"},"modified":"2015-02-06T13:50:38","modified_gmt":"2015-02-06T13:50:38","slug":"cuba-denuncia-en-onu-impacto-socio-economico-del-bloqueo-de-ee-uu","status":"publish","type":"post","link":"https:\/\/diariodominicano.com\/?p=255351","title":{"rendered":"&#13;Cuba denuncia en ONU impacto socio-econ\u00f3mico del bloqueo de EE.UU."},"content":{"rendered":"<p><body><\/p>\n<\/p>\n<\/p>\n<p>Naciones Unidas, 6 feb (PL) Cuba denunci\u00f3 hoy en la ONU que el bloqueo econ\u00f3mico, comercial y financiero mantenido por Estados Unidos durante m\u00e1s de medio siglo obstaculiza el desarrollo social de la isla. <\/p>\n<\/p>\n<p>A pesar de esa medida, ning\u00fan ciudadano ha quedado desamparado, gracias a una obra sustentada en la justicia, la dignidad y la preservaci\u00f3n de la equidad y del bienestar humano, se\u00f1al\u00f3 el embajador alterno cubano aqu\u00ed, Oscar Le\u00f3n, al intervenir en el 53 per\u00edodo de sesiones de la Comisi\u00f3n de Desarrollo Social.<\/p>\n<\/p>\n<p>El diplom\u00e1tico precis\u00f3 que el cerco recrudecido con el paso del tiempo por diversas administraciones norteamericanas sigue vigente, pese a la condena de la comunidad internacional y del reciente reconocimiento por el presidente Barack Obama de su inviabilidad y negativo impacto.<\/p>\n<\/p>\n<p>Las sanciones unilaterales de Washington golpean sectores clave para el desarrollo social de cualquier pa\u00eds, como la salud, la educaci\u00f3n y la alimentaci\u00f3n.<\/p>\n<\/p>\n<p>Al respecto, Le\u00f3n advirti\u00f3 que la isla caribe\u00f1a no ha dejado de avanzar en materia de bienestar humano, y llega a 2015 con casi todos los objetivos del milenio cumplidos.<\/p>\n<\/p>\n<p>El bloqueo tampoco ha impedido a Cuba priorizar la solidaridad con otras naciones, dijo en alusi\u00f3n a los miles de m\u00e9dicos, maestros y entrenadores desplegados en diversas partes del mundo, y a la formaci\u00f3n en la mayor de las Antillas de profesionales for\u00e1neos.<\/p>\n<\/p>\n<p>A mediados de diciembre, Obama y el presidente cubano, Ra\u00fal Castro, anunciaron la decisi\u00f3n de restablecer relaciones diplom\u00e1ticas y dar pasos hacia la normalizaci\u00f3n de los nexos.<\/p>\n<\/p>\n<p>La Habana considera que unos v\u00ednculos normales entre dos estados no pueden darse si uno de ellos mantiene contra el otro un f\u00e9rreo bloqueo, como el aplicado por Washington.<\/p>\n<h6> 2015-02-06 13:50:38 <\/h6>\n<p><!--\n<link rel=\"stylesheet\" href=\"css\/bootstrap.min.css\">\n\n\n<ul class=\"pagination\">\n\t    \n\t\n\n<li >\n\t<a href='?page_no=24995'>Previous<\/a>\n\t<\/li>\n\n\n       \n    \n\n<li><a href='?page_no=1'>1<\/a><\/li>\n\n\n\n<li><a href='?page_no=2'>2<\/a><\/li>\n\n\n\n<li><a>...<\/a><\/li>\n\n\n\n<li><a href='?page_no=24994'>24994<\/a><\/li>\n\n\n\n<li><a href='?page_no=24995'>24995<\/a><\/li>\n\n\n\n<li class='active'><a>24996<\/a><\/li>\n\n\n\n<li><a href='?page_no=24997'>24997<\/a><\/li>\n\n\n\n<li><a href='?page_no=24998'>24998<\/a><\/li>\n\n\n\n<li><a>...<\/a><\/li>\n\n\n\n<li><a href='?page_no=51012'>51012<\/a><\/li>\n\n\n\n<li><a href='?page_no=51013'>51013<\/a><\/li>\n\n    \n\t\n\n<li >\n\t<a href='?page_no=24997'>Next<\/a>\n\t<\/li>\n\n\n    \n\n<li><a href='?page_no=51013'>Last &rsaquo;&rsaquo;<\/a><\/li>\n\n<\/ul>\n\n\n--><br \/>\n<\/body><\/p>\n","protected":false},"excerpt":{"rendered":"<p>Naciones Unidas, 6 feb (PL) Cuba denunci\u00f3 hoy en la ONU que el bloqueo econ\u00f3mico, comercial y financiero mantenido por Estados Unidos durante m\u00e1s de medio siglo obstaculiza el desarrollo social de la isla. A pesar de esa medida, ning\u00fan ciudadano ha quedado desamparado, gracias a una obra sustentada en la justicia, la dignidad y [&hellip;]<\/p>\n","protected":false},"author":3,"featured_media":0,"comment_status":"open","ping_status":"open","sticky":false,"template":"","format":"standard","meta":{"footnotes":""},"categories":[23],"tags":[],"class_list":["post-255351","post","type-post","status-publish","format-standard","hentry","category-internacional"],"_links":{"self":[{"href":"https:\/\/diariodominicano.com\/index.php?rest_route=\/wp\/v2\/posts\/255351","targetHints":{"allow":["GET"]}}],"collection":[{"href":"https:\/\/diariodominicano.com\/index.php?rest_route=\/wp\/v2\/posts"}],"about":[{"href":"https:\/\/diariodominicano.com\/index.php?rest_route=\/wp\/v2\/types\/post"}],"author":[{"embeddable":true,"href":"https:\/\/diariodominicano.com\/index.php?rest_route=\/wp\/v2\/users\/3"}],"replies":[{"embeddable":true,"href":"https:\/\/diariodominicano.com\/index.php?rest_route=%2Fwp%2Fv2%2Fcomments&post=255351"}],"version-history":[{"count":0,"href":"https:\/\/diariodominicano.com\/index.php?rest_route=\/wp\/v2\/posts\/255351\/revisions"}],"wp:attachment":[{"href":"https:\/\/diariodominicano.com\/index.php?rest_route=%2Fwp%2Fv2%2Fmedia&parent=255351"}],"wp:term":[{"taxonomy":"category","embeddable":true,"href":"https:\/\/diariodominicano.com\/index.php?rest_route=%2Fwp%2Fv2%2Fcategories&post=255351"},{"taxonomy":"post_tag","embeddable":true,"href":"https:\/\/diariodominicano.com\/index.php?rest_route=%2Fwp%2Fv2%2Ftags&post=255351"}],"curies":[{"name":"wp","href":"https:\/\/api.w.org\/{rel}","templated":true}]}}