{"id":255349,"date":"2015-02-06T14:02:15","date_gmt":"2015-02-06T14:02:15","guid":{"rendered":"http:\/\/diariodominicano.ddns.net\/?p=255349"},"modified":"2015-02-06T14:02:15","modified_gmt":"2015-02-06T14:02:15","slug":"a-puertas-cerradas-transcurre-dialogo-de-putin-merkel-y-hollande","status":"publish","type":"post","link":"https:\/\/diariodominicano.com\/?p=255349","title":{"rendered":"&#13;&#13;A puertas cerradas transcurre di\u00e1logo de Putin, M\u00e9rkel y Hollande"},"content":{"rendered":"<p><body><\/p>\n<\/p>\n<\/p>\n<p><span class=\"text1noticias\">\t\t\t<\/span><\/p>\n<\/p>\n<p><span class=\"text1noticias\">Mosc\u00fa, 6 feb (PL) La pl\u00e1tica a puertas cerradas que sostienen hoy en el Kremlin el presidente ruso, Vladimir Putin; su par franc\u00e9s, Fran\u00e7ois Hollande; y la canciller alemana, \u00c1ngela M\u00e9rkel, centra la atenci\u00f3n de toda la prensa acreditada en esta capital.<\/span><\/p>\n<\/p>\n<p><span class=\"text1noticias\">Sin trascendidos hasta el momento del encuentro de la \u00abgran troika\u00bb, como comienzan a denominar los medios period\u00edsticos a esta reuni\u00f3n, entre los profesionales del sector resulta significativo el espaldarazo de la OTAN a la iniciativa de los dos gobernantes occidentales.<\/span><\/p>\n<\/p>\n<p><span class=\"text1noticias\">Desde Munich, el secretario general de la Organizaci\u00f3n del Tratado del Atl\u00e1ntico Norte (OTAN), Jens Stolberg, asegur\u00f3 este viernes que ese bloque pol\u00edtico-militar \u00abapoya plenamente la iniciativa de los l\u00edderes de Alemania y Francia para encontrar una soluci\u00f3n pol\u00edtica\u00bb.<\/span><\/p>\n<\/p>\n<p><span class=\"text1noticias\">La situaci\u00f3n es muy seria, es cr\u00edtica, afirm\u00f3 el m\u00e1ximo representante de una de las fuerzas que junto a Estados Unidos y la Uni\u00f3n Europea (UE) auspici\u00f3 el golpe de Estado del 22 de febrero de 2014 y el rearme que promueve desde el Kiev el denominado partido de la guerra.<\/span><\/p>\n<\/p>\n<p><span class=\"text1noticias\">Stollberg lleg\u00f3 hoy a M\u00fanich para participar en la conferencia anual internacional de seguridad, cuya inauguraci\u00f3n est\u00e1 programada para este s\u00e1bado, seg\u00fan la agencia de noticias TASS.<\/span><\/p>\n<\/p>\n<p><span class=\"text1noticias\">El presidente ucraniano, Petro Poroshenko, reconoci\u00f3 que la guerra civil originada por la defenestraci\u00f3n del presidente V\u00edktor Yanuk\u00f3vich en febrero de 2014 y el inicio de una operaci\u00f3n punitiva de gran escala contra el sureste cuesta cada d\u00eda seis millones de d\u00f3lares.<\/span><\/p>\n<\/p>\n<p><span class=\"text1noticias\">Mientras tanto, Hollande y M\u00e9rkel sostienen este viernes un encuentro con Putin, a fin de coordinar medidas para contribuir a un r\u00e1pido final de la guerra civil en el sureste de Ucrania, seg\u00fan se inform\u00f3 en c\u00edrculos oficiales.<\/span><\/p>\n<\/p>\n<p><span class=\"text1noticias\">La estancia la v\u00edspera en Ucrania de M\u00e9rkel y Hollande coincidi\u00f3 con la llegada a Kiev del jefe de la diplomacia norteamericana, John Kerry.<\/span><\/p>\n<\/p>\n<p><span class=\"text1noticias\">El objetivo principal del encuentro de M\u00e9rkel y Hollande con Poroshenko fue debatir iniciativas que permitan lograr un nuevo acuerdo con vista a impulsar un arreglo del conflicto, coment\u00f3 el el mandatario franc\u00e9s, citado por TASS.<\/span><\/p>\n<\/p>\n<p><span class=\"text1noticias\">Hemos decidido junto a M\u00e9rkel proponer una nueva iniciativa a Ucrania basada en su integridad territorial, agreg\u00f3 el gobernante sin ofrecer m\u00e1s detalles.<\/span><\/p>\n<\/p>\n<p><span class=\"text1noticias\">Presidente de uno de los pa\u00edses l\u00edderes de la Uni\u00f3n Europea (UE), bloque que junto a Estados Unidos auspici\u00f3 y respald\u00f3 las revueltas que desembocaron en el golpe de estado de febrero de 2014 en Kiev, Hollande considera que la nueva propuesta ser\u00e1 bien acogida por todas las partes.<\/span><\/p>\n<\/p>\n<h6> 2015-02-06 14:02:15 <\/h6>\n<p><!--\n<link rel=\"stylesheet\" href=\"css\/bootstrap.min.css\">\n\n\n<ul class=\"pagination\">\n\t    \n\t\n\n<li >\n\t<a href='?page_no=24993'>Previous<\/a>\n\t<\/li>\n\n\n       \n    \n\n<li><a href='?page_no=1'>1<\/a><\/li>\n\n\n\n<li><a href='?page_no=2'>2<\/a><\/li>\n\n\n\n<li><a>...<\/a><\/li>\n\n\n\n<li><a href='?page_no=24992'>24992<\/a><\/li>\n\n\n\n<li><a href='?page_no=24993'>24993<\/a><\/li>\n\n\n\n<li class='active'><a>24994<\/a><\/li>\n\n\n\n<li><a href='?page_no=24995'>24995<\/a><\/li>\n\n\n\n<li><a href='?page_no=24996'>24996<\/a><\/li>\n\n\n\n<li><a>...<\/a><\/li>\n\n\n\n<li><a href='?page_no=51012'>51012<\/a><\/li>\n\n\n\n<li><a href='?page_no=51013'>51013<\/a><\/li>\n\n    \n\t\n\n<li >\n\t<a href='?page_no=24995'>Next<\/a>\n\t<\/li>\n\n\n    \n\n<li><a href='?page_no=51013'>Last &rsaquo;&rsaquo;<\/a><\/li>\n\n<\/ul>\n\n\n--><br \/>\n<\/body><\/p>\n","protected":false},"excerpt":{"rendered":"<p>Mosc\u00fa, 6 feb (PL) La pl\u00e1tica a puertas cerradas que sostienen hoy en el Kremlin el presidente ruso, Vladimir Putin; su par franc\u00e9s, Fran\u00e7ois Hollande; y la canciller alemana, \u00c1ngela M\u00e9rkel, centra la atenci\u00f3n de toda la prensa acreditada en esta capital. Sin trascendidos hasta el momento del encuentro de la \u00abgran troika\u00bb, como comienzan [&hellip;]<\/p>\n","protected":false},"author":3,"featured_media":0,"comment_status":"open","ping_status":"open","sticky":false,"template":"","format":"standard","meta":{"footnotes":""},"categories":[23],"tags":[],"class_list":["post-255349","post","type-post","status-publish","format-standard","hentry","category-internacional"],"_links":{"self":[{"href":"https:\/\/diariodominicano.com\/index.php?rest_route=\/wp\/v2\/posts\/255349","targetHints":{"allow":["GET"]}}],"collection":[{"href":"https:\/\/diariodominicano.com\/index.php?rest_route=\/wp\/v2\/posts"}],"about":[{"href":"https:\/\/diariodominicano.com\/index.php?rest_route=\/wp\/v2\/types\/post"}],"author":[{"embeddable":true,"href":"https:\/\/diariodominicano.com\/index.php?rest_route=\/wp\/v2\/users\/3"}],"replies":[{"embeddable":true,"href":"https:\/\/diariodominicano.com\/index.php?rest_route=%2Fwp%2Fv2%2Fcomments&post=255349"}],"version-history":[{"count":0,"href":"https:\/\/diariodominicano.com\/index.php?rest_route=\/wp\/v2\/posts\/255349\/revisions"}],"wp:attachment":[{"href":"https:\/\/diariodominicano.com\/index.php?rest_route=%2Fwp%2Fv2%2Fmedia&parent=255349"}],"wp:term":[{"taxonomy":"category","embeddable":true,"href":"https:\/\/diariodominicano.com\/index.php?rest_route=%2Fwp%2Fv2%2Fcategories&post=255349"},{"taxonomy":"post_tag","embeddable":true,"href":"https:\/\/diariodominicano.com\/index.php?rest_route=%2Fwp%2Fv2%2Ftags&post=255349"}],"curies":[{"name":"wp","href":"https:\/\/api.w.org\/{rel}","templated":true}]}}