{"id":255348,"date":"2015-02-06T14:09:21","date_gmt":"2015-02-06T14:09:21","guid":{"rendered":"http:\/\/diariodominicano.ddns.net\/?p=255348"},"modified":"2015-02-06T14:09:21","modified_gmt":"2015-02-06T14:09:21","slug":"papa-francisco-confirma-a-diario-su-visita-a-bolivia","status":"publish","type":"post","link":"https:\/\/diariodominicano.com\/?p=255348","title":{"rendered":"&#13;&#13;Papa Francisco confirma a diario su visita a Bolivia"},"content":{"rendered":"<p><body><\/p>\n<p><img decoding=\"async\" src=\"img3\/PapaFrancisco1.jpg\" \/>  <\/p>\n<\/p>\n<p>La Paz, 6 feb (PL) El papa Francisco confirm\u00f3 al diario La Raz\u00f3n, de Bolivia, que visitar\u00e1 este pa\u00eds en 2015, como parte de una gira por Latinoam\u00e9rica con escalas en Paraguay y Ecuador, inform\u00f3 hoy ese peri\u00f3dico. <\/p>\n<\/p>\n<p>\u00abUn abrazo grande a todos los bolivianos, y que voy a ir (a su pa\u00eds) en julio\u00bb, asegur\u00f3 brevemente el Sumo Pont\u00edfice a la directora del medio de prensa, Claudia Benavente, tras un encuentro sobre la ni\u00f1ez y educaci\u00f3n en el Vaticano.<\/p>\n<\/p>\n<p>El presidente Evo Morales anunci\u00f3 el a\u00f1o pasado la llegada del Santo Padre y su inter\u00e9s en dialogar con representantes de organizaciones sociales de esta naci\u00f3n.<\/p>\n<\/p>\n<p>Seg\u00fan el gobernante, se prev\u00e9 que Francisco permanezca en la oriental ciudad de Santa Cruz por el tema de la altura, pero \u00e9l tambi\u00e9n manifest\u00f3 su deseo de llegar a La Paz durante su estancia aqu\u00ed.<\/p>\n<\/p>\n<p>Su visita ser\u00eda la segunda de un Papa a Bolivia, pues en 1998 lo hizo Juan Pablo II.<\/p>\n<\/p>\n<p>Autoridades del Gobierno y la Iglesia cat\u00f3lica trabajar\u00e1n conjuntamente en la integraci\u00f3n de una agenda y la organizaci\u00f3n de la visita del Sumo Pont\u00edfice.<\/p>\n<h6> 2015-02-06 14:09:21 <\/h6>\n<p><!--\n<link rel=\"stylesheet\" href=\"css\/bootstrap.min.css\">\n\n\n<ul class=\"pagination\">\n\t    \n\t\n\n<li >\n\t<a href='?page_no=24992'>Previous<\/a>\n\t<\/li>\n\n\n       \n    \n\n<li><a href='?page_no=1'>1<\/a><\/li>\n\n\n\n<li><a href='?page_no=2'>2<\/a><\/li>\n\n\n\n<li><a>...<\/a><\/li>\n\n\n\n<li><a href='?page_no=24991'>24991<\/a><\/li>\n\n\n\n<li><a href='?page_no=24992'>24992<\/a><\/li>\n\n\n\n<li class='active'><a>24993<\/a><\/li>\n\n\n\n<li><a href='?page_no=24994'>24994<\/a><\/li>\n\n\n\n<li><a href='?page_no=24995'>24995<\/a><\/li>\n\n\n\n<li><a>...<\/a><\/li>\n\n\n\n<li><a href='?page_no=51012'>51012<\/a><\/li>\n\n\n\n<li><a href='?page_no=51013'>51013<\/a><\/li>\n\n    \n\t\n\n<li >\n\t<a href='?page_no=24994'>Next<\/a>\n\t<\/li>\n\n\n    \n\n<li><a href='?page_no=51013'>Last &rsaquo;&rsaquo;<\/a><\/li>\n\n<\/ul>\n\n\n--><br \/>\n<\/body><\/p>\n","protected":false},"excerpt":{"rendered":"<p>La Paz, 6 feb (PL) El papa Francisco confirm\u00f3 al diario La Raz\u00f3n, de Bolivia, que visitar\u00e1 este pa\u00eds en 2015, como parte de una gira por Latinoam\u00e9rica con escalas en Paraguay y Ecuador, inform\u00f3 hoy ese peri\u00f3dico. \u00abUn abrazo grande a todos los bolivianos, y que voy a ir (a su pa\u00eds) en julio\u00bb, [&hellip;]<\/p>\n","protected":false},"author":3,"featured_media":0,"comment_status":"open","ping_status":"open","sticky":false,"template":"","format":"standard","meta":{"footnotes":""},"categories":[23],"tags":[],"class_list":["post-255348","post","type-post","status-publish","format-standard","hentry","category-internacional"],"_links":{"self":[{"href":"https:\/\/diariodominicano.com\/index.php?rest_route=\/wp\/v2\/posts\/255348","targetHints":{"allow":["GET"]}}],"collection":[{"href":"https:\/\/diariodominicano.com\/index.php?rest_route=\/wp\/v2\/posts"}],"about":[{"href":"https:\/\/diariodominicano.com\/index.php?rest_route=\/wp\/v2\/types\/post"}],"author":[{"embeddable":true,"href":"https:\/\/diariodominicano.com\/index.php?rest_route=\/wp\/v2\/users\/3"}],"replies":[{"embeddable":true,"href":"https:\/\/diariodominicano.com\/index.php?rest_route=%2Fwp%2Fv2%2Fcomments&post=255348"}],"version-history":[{"count":0,"href":"https:\/\/diariodominicano.com\/index.php?rest_route=\/wp\/v2\/posts\/255348\/revisions"}],"wp:attachment":[{"href":"https:\/\/diariodominicano.com\/index.php?rest_route=%2Fwp%2Fv2%2Fmedia&parent=255348"}],"wp:term":[{"taxonomy":"category","embeddable":true,"href":"https:\/\/diariodominicano.com\/index.php?rest_route=%2Fwp%2Fv2%2Fcategories&post=255348"},{"taxonomy":"post_tag","embeddable":true,"href":"https:\/\/diariodominicano.com\/index.php?rest_route=%2Fwp%2Fv2%2Ftags&post=255348"}],"curies":[{"name":"wp","href":"https:\/\/api.w.org\/{rel}","templated":true}]}}