{"id":255346,"date":"2015-02-06T14:38:16","date_gmt":"2015-02-06T14:38:16","guid":{"rendered":"http:\/\/diariodominicano.ddns.net\/?p=255346"},"modified":"2015-02-06T14:38:16","modified_gmt":"2015-02-06T14:38:16","slug":"ejercito-libanes-bombardea-montanas-de-arsal-tras-ataque-desde-siria","status":"publish","type":"post","link":"https:\/\/diariodominicano.com\/?p=255346","title":{"rendered":"&#13;&#13;Ej\u00e9rcito liban\u00e9s bombardea monta\u00f1as de Arsal tras ataque desde Siria"},"content":{"rendered":"<p><body><\/p>\n<p><span class=\"text1noticias\">\t\t<\/span><\/p>\n<\/p>\n<p><span class=\"text1noticias\">Beirut, 6 feb (PL) El Ej\u00e9rcito liban\u00e9s bombarde\u00f3 hoy posiciones de grupos terroristas en las monta\u00f1as de Arsal, despu\u00e9s de que un misil disparado desde el lado sirio de la frontera impact\u00f3 en Snouh, una aldea de Kfar Zabad.<\/span><\/p>\n<\/p>\n<p><span class=\"text1noticias\">Fuentes militares citadas por la agencia nacional de noticias NNA se\u00f1alaron que las Fuerzas Armadas emplearon artiller\u00eda pesada para neutralizar agresiones de extremistas presuntamente afiliados al Frente Al-Nusra o al Estado Isl\u00e1mico (EI) que intentan crear un emirato en la frontera oriental.<\/span><\/p>\n<\/p>\n<p><span class=\"text1noticias\">Aunque no se reportaron v\u00edctimas, reporteros en el lugar relataron un ambiente de caos y mucha tensi\u00f3n en las monta\u00f1as de Kfar Zabad, as\u00ed como el estruendo de bombas en la Bekaa norte como consecuencia de disparos de ambas partes a lo largo de la l\u00ednea lim\u00edtrofe.<\/span><\/p>\n<\/p>\n<p><span class=\"text1noticias\">Como parte del plan de seguridad del Gobierno, fuerzas del orden apresaron a cuatro sirios durante una requisa hecha este viernes en numerosas tiendas de campa\u00f1a del campamento de refugiados Al-Rahma-Rihanieh en busca supuestos terroristas y portadores de armas ilegales.<\/span><\/p>\n<\/p>\n<p><span class=\"text1noticias\">En otra redada en la sure\u00f1a ciudad de Saida, las Fuerzas de Seguridad Interna arrestaron a un partidario de Ahmad Al-Assir, cabecilla de un grupo yihadista actualmente pr\u00f3fugo, y le confiscaron un tel\u00e9fono m\u00f3vil que conten\u00eda im\u00e1genes y frases de alabanza del EI, refiri\u00f3 la NNA.<\/span><\/p>\n<\/p>\n<h6> 2015-02-06 14:38:16 <\/h6>\n<p><!--\n<link rel=\"stylesheet\" href=\"css\/bootstrap.min.css\">\n\n\n<ul class=\"pagination\">\n\t    \n\t\n\n<li >\n\t<a href='?page_no=24990'>Previous<\/a>\n\t<\/li>\n\n\n       \n    \n\n<li><a href='?page_no=1'>1<\/a><\/li>\n\n\n\n<li><a href='?page_no=2'>2<\/a><\/li>\n\n\n\n<li><a>...<\/a><\/li>\n\n\n\n<li><a href='?page_no=24989'>24989<\/a><\/li>\n\n\n\n<li><a href='?page_no=24990'>24990<\/a><\/li>\n\n\n\n<li class='active'><a>24991<\/a><\/li>\n\n\n\n<li><a href='?page_no=24992'>24992<\/a><\/li>\n\n\n\n<li><a href='?page_no=24993'>24993<\/a><\/li>\n\n\n\n<li><a>...<\/a><\/li>\n\n\n\n<li><a href='?page_no=51012'>51012<\/a><\/li>\n\n\n\n<li><a href='?page_no=51013'>51013<\/a><\/li>\n\n    \n\t\n\n<li >\n\t<a href='?page_no=24992'>Next<\/a>\n\t<\/li>\n\n\n    \n\n<li><a href='?page_no=51013'>Last &rsaquo;&rsaquo;<\/a><\/li>\n\n<\/ul>\n\n\n--><br \/>\n<\/body><\/p>\n","protected":false},"excerpt":{"rendered":"<p>Beirut, 6 feb (PL) El Ej\u00e9rcito liban\u00e9s bombarde\u00f3 hoy posiciones de grupos terroristas en las monta\u00f1as de Arsal, despu\u00e9s de que un misil disparado desde el lado sirio de la frontera impact\u00f3 en Snouh, una aldea de Kfar Zabad. Fuentes militares citadas por la agencia nacional de noticias NNA se\u00f1alaron que las Fuerzas Armadas emplearon [&hellip;]<\/p>\n","protected":false},"author":3,"featured_media":0,"comment_status":"open","ping_status":"open","sticky":false,"template":"","format":"standard","meta":{"footnotes":""},"categories":[23],"tags":[],"class_list":["post-255346","post","type-post","status-publish","format-standard","hentry","category-internacional"],"_links":{"self":[{"href":"https:\/\/diariodominicano.com\/index.php?rest_route=\/wp\/v2\/posts\/255346","targetHints":{"allow":["GET"]}}],"collection":[{"href":"https:\/\/diariodominicano.com\/index.php?rest_route=\/wp\/v2\/posts"}],"about":[{"href":"https:\/\/diariodominicano.com\/index.php?rest_route=\/wp\/v2\/types\/post"}],"author":[{"embeddable":true,"href":"https:\/\/diariodominicano.com\/index.php?rest_route=\/wp\/v2\/users\/3"}],"replies":[{"embeddable":true,"href":"https:\/\/diariodominicano.com\/index.php?rest_route=%2Fwp%2Fv2%2Fcomments&post=255346"}],"version-history":[{"count":0,"href":"https:\/\/diariodominicano.com\/index.php?rest_route=\/wp\/v2\/posts\/255346\/revisions"}],"wp:attachment":[{"href":"https:\/\/diariodominicano.com\/index.php?rest_route=%2Fwp%2Fv2%2Fmedia&parent=255346"}],"wp:term":[{"taxonomy":"category","embeddable":true,"href":"https:\/\/diariodominicano.com\/index.php?rest_route=%2Fwp%2Fv2%2Fcategories&post=255346"},{"taxonomy":"post_tag","embeddable":true,"href":"https:\/\/diariodominicano.com\/index.php?rest_route=%2Fwp%2Fv2%2Ftags&post=255346"}],"curies":[{"name":"wp","href":"https:\/\/api.w.org\/{rel}","templated":true}]}}