{"id":255344,"date":"2015-02-06T15:21:48","date_gmt":"2015-02-06T15:21:48","guid":{"rendered":"http:\/\/diariodominicano.ddns.net\/?p=255344"},"modified":"2015-02-06T15:21:48","modified_gmt":"2015-02-06T15:21:48","slug":"colombianos-mas-optimistas-en-torno-a-dialogos-de-paz","status":"publish","type":"post","link":"https:\/\/diariodominicano.com\/?p=255344","title":{"rendered":"&#13;Colombianos m\u00e1s optimistas en torno a di\u00e1logos de paz"},"content":{"rendered":"<p><body><\/p>\n<p><img decoding=\"async\" src=\"img3\/farc-mesadialogo.jpg\" \/>  <\/p>\n<p><span class=\"text1noticias\">\t\t<\/span><\/p>\n<p><span class=\"text1noticias\">  <\/span><\/p>\n<\/p>\n<p><span class=\"text1noticias\">Bogot\u00e1, 6 feb (PL) Los colombianos son m\u00e1s optimistas hoy en relaci\u00f3n con los di\u00e1logos de paz entre el Gobierno y las insurgentes FARC-EP, encaminados a poner fin al conflicto interno, revel\u00f3 una encuesta difundida por informativos locales. <\/span><\/p>\n<\/p>\n<p><span class=\"text1noticias\">Seg\u00fan el sondeo divulgado por Caracol Radio y el diario El Nuevo Siglo, el 47 por ciento de los consultados por la firma Cifras y Conceptos, considera que las negociaciones tendr\u00e1n un positivo desenlace.<\/span><\/p>\n<\/p>\n<p><span class=\"text1noticias\">En tanto el 44 por ciento espera una conclusi\u00f3n negativa de las conversaciones entre ambos equipos, las cuales tienen como sede permanente a La Habana desde 2012.<\/span><\/p>\n<\/p>\n<p><span class=\"text1noticias\">Tales resultados evidencian un incremento de la confianza en las pl\u00e1ticas, pues al cierre de diciembre m\u00e1s de la mitad de los encuestados se manifest\u00f3 pesimista en torno al proceso pacificador entre voceros del Ejecutivo y de las Fuerzas Armadas Revolucionarias de Colombia-Ej\u00e9rcito del Pueblo (FARC-EP).<\/span><\/p>\n<\/p>\n<p><span class=\"text1noticias\">Seg\u00fan Cifras y Datos, el cambio a favor de los encuentros en Cuba pudo estar influido por el efecto favorable de factores como la tregua unilateral y por tiempo indefinido decretada desde finales de 2014 por el movimiento guerrillero.<\/span><\/p>\n<\/p>\n<p><span class=\"text1noticias\">Las delegaciones de ambas partes beligerantes lograron ya consensos preliminares en los temas de reforma rural integral, participaci\u00f3n pol\u00edtica y drogas il\u00edcitas.<\/span><\/p>\n<\/p>\n<p><span class=\"text1noticias\">Tales ciclos, reanudados el pasado lunes, tratan ahora los puntos referidos a la justicia transicional y el t\u00e9rmino de la confrontaci\u00f3n, la cual ha ocasionado la muerte de 230 mil ciudadanos en el transcurso de m\u00e1s de medio siglo.<\/span><\/p>\n<\/p>\n<p><span class=\"text1noticias\">La opci\u00f3n del cese el fuego bilateral centra tambi\u00e9n los an\u00e1lisis de las delegaciones.<\/span><\/p>\n<\/p>\n<p><span class=\"text1noticias\">De acuerdo con informes oficiales, el registro general de v\u00edctimas ronda los 6,8 millones de personas, m\u00e1s del 86 por ciento desplazadas de sus lugares de origen como resultado de la violencia.<\/span><\/p>\n<\/p>\n<h6> 2015-02-06 15:21:48 <\/h6>\n<p><!--\n<link rel=\"stylesheet\" href=\"css\/bootstrap.min.css\">\n\n\n<ul class=\"pagination\">\n\t    \n\t\n\n<li >\n\t<a href='?page_no=24988'>Previous<\/a>\n\t<\/li>\n\n\n       \n    \n\n<li><a href='?page_no=1'>1<\/a><\/li>\n\n\n\n<li><a href='?page_no=2'>2<\/a><\/li>\n\n\n\n<li><a>...<\/a><\/li>\n\n\n\n<li><a href='?page_no=24987'>24987<\/a><\/li>\n\n\n\n<li><a href='?page_no=24988'>24988<\/a><\/li>\n\n\n\n<li class='active'><a>24989<\/a><\/li>\n\n\n\n<li><a href='?page_no=24990'>24990<\/a><\/li>\n\n\n\n<li><a href='?page_no=24991'>24991<\/a><\/li>\n\n\n\n<li><a>...<\/a><\/li>\n\n\n\n<li><a href='?page_no=51012'>51012<\/a><\/li>\n\n\n\n<li><a href='?page_no=51013'>51013<\/a><\/li>\n\n    \n\t\n\n<li >\n\t<a href='?page_no=24990'>Next<\/a>\n\t<\/li>\n\n\n    \n\n<li><a href='?page_no=51013'>Last &rsaquo;&rsaquo;<\/a><\/li>\n\n<\/ul>\n\n\n--><br \/>\n<\/body><\/p>\n","protected":false},"excerpt":{"rendered":"<p>Bogot\u00e1, 6 feb (PL) Los colombianos son m\u00e1s optimistas hoy en relaci\u00f3n con los di\u00e1logos de paz entre el Gobierno y las insurgentes FARC-EP, encaminados a poner fin al conflicto interno, revel\u00f3 una encuesta difundida por informativos locales. Seg\u00fan el sondeo divulgado por Caracol Radio y el diario El Nuevo Siglo, el 47 por ciento [&hellip;]<\/p>\n","protected":false},"author":3,"featured_media":0,"comment_status":"open","ping_status":"open","sticky":false,"template":"","format":"standard","meta":{"footnotes":""},"categories":[23],"tags":[],"class_list":["post-255344","post","type-post","status-publish","format-standard","hentry","category-internacional"],"_links":{"self":[{"href":"https:\/\/diariodominicano.com\/index.php?rest_route=\/wp\/v2\/posts\/255344","targetHints":{"allow":["GET"]}}],"collection":[{"href":"https:\/\/diariodominicano.com\/index.php?rest_route=\/wp\/v2\/posts"}],"about":[{"href":"https:\/\/diariodominicano.com\/index.php?rest_route=\/wp\/v2\/types\/post"}],"author":[{"embeddable":true,"href":"https:\/\/diariodominicano.com\/index.php?rest_route=\/wp\/v2\/users\/3"}],"replies":[{"embeddable":true,"href":"https:\/\/diariodominicano.com\/index.php?rest_route=%2Fwp%2Fv2%2Fcomments&post=255344"}],"version-history":[{"count":0,"href":"https:\/\/diariodominicano.com\/index.php?rest_route=\/wp\/v2\/posts\/255344\/revisions"}],"wp:attachment":[{"href":"https:\/\/diariodominicano.com\/index.php?rest_route=%2Fwp%2Fv2%2Fmedia&parent=255344"}],"wp:term":[{"taxonomy":"category","embeddable":true,"href":"https:\/\/diariodominicano.com\/index.php?rest_route=%2Fwp%2Fv2%2Fcategories&post=255344"},{"taxonomy":"post_tag","embeddable":true,"href":"https:\/\/diariodominicano.com\/index.php?rest_route=%2Fwp%2Fv2%2Ftags&post=255344"}],"curies":[{"name":"wp","href":"https:\/\/api.w.org\/{rel}","templated":true}]}}